{"id":81531,"date":"2021-08-30T09:48:29","date_gmt":"2021-08-30T12:48:29","guid":{"rendered":"https:\/\/tvtecjundiai.com.br\/news\/?p=81531"},"modified":"2021-08-30T09:48:31","modified_gmt":"2021-08-30T12:48:31","slug":"obra-de-artista-jundiaiense-e-selecionada-para-museu-virtual-internacional-sobre-a-pandemia-de-covid-19","status":"publish","type":"post","link":"https:\/\/tvtecjundiai.com.br\/news\/2021\/08\/30\/obra-de-artista-jundiaiense-e-selecionada-para-museu-virtual-internacional-sobre-a-pandemia-de-covid-19\/","title":{"rendered":"Obra de artista jundiaiense \u00e9 selecionada para museu virtual internacional sobre a pandemia de COVID-19"},"content":{"rendered":"\n<p>O registro mostra a degrada\u00e7\u00e3o at\u00e9 o total desaparecimento de um sabonete. Durante 10 meses, a artista visual Mar\u00edlia Scarabello, de Jundia\u00ed, tirou fotos do fundo da pia ap\u00f3s lavar o rosto pela manh\u00e3 com ele. As imagens, ent\u00e3o, passaram a integrar a obra &#8220;Sem t\u00edtulo [Brasil]&#8221;.<\/p>\n\n\n\n<p>E para a surpresa da artista, a obra foi selecionada pela curadoria do The Covid Art Museum, o primeiro museu de artes visuais dedicado exclusivamente \u00e0 COVID-19 e que nasceu logo no come\u00e7o da pandemia. O acervo \u00e9 exposto de forma virtual em um site.<\/p>\n\n\n\n<p>&#8220;Eu comprei o sabonete para usar mesmo, mas no primeiro dia vi o trabalho e ai o processo de uso virou trabalho. Passei a tirar fotos no fundo da pia, documentando o processo de degrada\u00e7\u00e3o que ele sofria com o uso cont\u00ednuo. Comecei em meados de mar\u00e7o, junto com o in\u00edcio da quarentena, e terminei em janeiro de 2021&#8221;, conta.<\/p>\n\n\n\n<div class=\"wp-block-image\"><figure class=\"aligncenter size-large is-resized\"><img loading=\"lazy\" decoding=\"async\" src=\"https:\/\/tvtecjundiai.com.br\/news\/wp-content\/uploads\/sites\/2\/2021\/08\/covid-art-museum.jpg\" alt=\"\" class=\"wp-image-81532\" width=\"568\" height=\"362\" srcset=\"https:\/\/tvtecjundiai.com.br\/news\/wp-content\/uploads\/sites\/2\/2021\/08\/covid-art-museum.jpg 984w, https:\/\/tvtecjundiai.com.br\/news\/wp-content\/uploads\/sites\/2\/2021\/08\/covid-art-museum-300x192.jpg 300w, https:\/\/tvtecjundiai.com.br\/news\/wp-content\/uploads\/sites\/2\/2021\/08\/covid-art-museum-768x491.jpg 768w\" sizes=\"auto, (max-width: 568px) 100vw, 568px\" \/><figcaption>Obra &#8220;Sem t\u00edtulo [Brasil]&#8221; foi selecionada para o acervo do The Covid Art Museum \u2014 Foto: Instagram\/Reprodu\u00e7\u00e3o<\/figcaption><\/figure><\/div>\n\n\n\n<p>No sabonete a palavra &#8220;Brasil&#8221; chama a aten\u00e7\u00e3o, e sua degrada\u00e7\u00e3o com o uso traz ainda mais significado \u00e0 obra.<\/p>\n\n\n\n<p>&#8220;\u00c9 uma forma de refletirmos sobre o presente, sobre o momento em que estamos vivendo e tamb\u00e9m se torna uma ferramenta para questionarmos o futuro. Isso \u00e9 um dos efeitos mais poderosos da arte&#8221;, afirma Mar\u00edlia.<\/p>\n\n\n\n<div class=\"wp-block-image\"><figure class=\"aligncenter size-large is-resized\"><img loading=\"lazy\" decoding=\"async\" src=\"https:\/\/tvtecjundiai.com.br\/news\/wp-content\/uploads\/sites\/2\/2021\/08\/arte_pandemia.png\" alt=\"\" class=\"wp-image-81533\" width=\"534\" height=\"529\" srcset=\"https:\/\/tvtecjundiai.com.br\/news\/wp-content\/uploads\/sites\/2\/2021\/08\/arte_pandemia.png 603w, https:\/\/tvtecjundiai.com.br\/news\/wp-content\/uploads\/sites\/2\/2021\/08\/arte_pandemia-300x297.png 300w, https:\/\/tvtecjundiai.com.br\/news\/wp-content\/uploads\/sites\/2\/2021\/08\/arte_pandemia-100x100.png 100w\" sizes=\"auto, (max-width: 534px) 100vw, 534px\" \/><\/figure><\/div>\n\n\n\n<p>O trabalho tamb\u00e9m foi selecionado pela curadoria da &#8220;Mostra Museu: Arte na Quarentena&#8221;, um projeto que se diz h\u00edbrido, tanto online quanto offline, que destaca produ\u00e7\u00f5es art\u00edsticas realizadas durante o per\u00edodo de isolamento social.<\/p>\n\n\n\n<p>&#8220;Sem t\u00edtulo [Brasil]&#8221; foi instalado na Avenida Pedroso de Moraes, em S\u00e3o Paulo, e em esta\u00e7\u00f5es de metr\u00f4.<\/p>\n\n\n\n<p>&#8220;O projeto \u00e9 muito significativo porque permite que a arte chegue at\u00e9 as pessoas mesmo com os museus fechados. A curadoria \u00e9 toda feita por uma mulher tamb\u00e9m&#8221;, explica.<\/p>\n\n\n\n<div class=\"wp-block-image\"><figure class=\"aligncenter size-large is-resized\"><img loading=\"lazy\" decoding=\"async\" src=\"https:\/\/tvtecjundiai.com.br\/news\/wp-content\/uploads\/sites\/2\/2021\/08\/mostra-museu.jpeg\" alt=\"\" class=\"wp-image-81534\" width=\"571\" height=\"428\" srcset=\"https:\/\/tvtecjundiai.com.br\/news\/wp-content\/uploads\/sites\/2\/2021\/08\/mostra-museu.jpeg 984w, https:\/\/tvtecjundiai.com.br\/news\/wp-content\/uploads\/sites\/2\/2021\/08\/mostra-museu-300x225.jpeg 300w, https:\/\/tvtecjundiai.com.br\/news\/wp-content\/uploads\/sites\/2\/2021\/08\/mostra-museu-768x576.jpeg 768w\" sizes=\"auto, (max-width: 571px) 100vw, 571px\" \/><figcaption>Trabalho tamb\u00e9m foi selecionado pela curadoria da &#8220;Mostra Museu: Arte na Quarentena&#8221; \u2014 Foto: Arquivo Pessoal<\/figcaption><\/figure><\/div>\n\n\n\n<p><strong>Rela\u00e7\u00e3o estreita<br><\/strong>Desde pequena, Mar\u00edlia afirma que j\u00e1 mantinha uma rela\u00e7\u00e3o estreita com a arte. Em 2007 se formou em arquitetura e urbanismo pela Universidade Presbiteriana Mackenzie. E em 2013, deu in\u00edcio aos trabalhos art\u00edsticos.<\/p>\n\n\n\n<p>&#8220;O meu real come\u00e7o como artista foi mesmo em 2017. Foi nesse per\u00edodo que eu tive a real consci\u00eancia do que eu estava fazendo. Antes eu ainda estava em uma fase de descoberta&#8221;, explica.<\/p>\n\n\n\n<div class=\"wp-block-image\"><figure class=\"aligncenter size-large is-resized\"><img loading=\"lazy\" decoding=\"async\" src=\"https:\/\/tvtecjundiai.com.br\/news\/wp-content\/uploads\/sites\/2\/2021\/08\/mariliascarabello-960x960.jpg\" alt=\"\" class=\"wp-image-81535\" width=\"556\" height=\"556\" srcset=\"https:\/\/tvtecjundiai.com.br\/news\/wp-content\/uploads\/sites\/2\/2021\/08\/mariliascarabello-960x960.jpg 960w, https:\/\/tvtecjundiai.com.br\/news\/wp-content\/uploads\/sites\/2\/2021\/08\/mariliascarabello-300x300.jpg 300w, https:\/\/tvtecjundiai.com.br\/news\/wp-content\/uploads\/sites\/2\/2021\/08\/mariliascarabello-100x100.jpg 100w, https:\/\/tvtecjundiai.com.br\/news\/wp-content\/uploads\/sites\/2\/2021\/08\/mariliascarabello-768x768.jpg 768w, https:\/\/tvtecjundiai.com.br\/news\/wp-content\/uploads\/sites\/2\/2021\/08\/mariliascarabello.jpg 984w\" sizes=\"auto, (max-width: 556px) 100vw, 556px\" \/><figcaption>Mar\u00edlia Scarabello, artista de Jundia\u00ed (SP) \u2014 Foto: Arquivo Pessoal<\/figcaption><\/figure><\/div>\n\n\n\n<p>Atualmente, Mar\u00edlia \u00e9 docente do curso de arquitetura em uma faculdade de Jundia\u00ed. Paralelamente, desenvolve seus trabalhos e projetos como artista visual.<\/p>\n\n\n\n<p>&#8220;Eu acredito que os dois trabalhos flertam muito um com o outro. Minha forma\u00e7\u00e3o em arquitetura consegue se unir com meu trabalho em arte&#8221;, diz.<\/p>\n\n\n\n<p>A artista contou ao G1 que procura transitar entre m\u00faltiplas linguagens em seus projetos, incluindo processos de coleta, fotografias e com uma pesquisa direcionada \u00e0 quest\u00f5es de territ\u00f3rio.<\/p>\n\n\n\n<p>&#8220;Meu material de trabalho \u00e9 meu assunto. Meu assunto me traz a materialidade do trabalho. O que eu quero falar? Isso afeta a a linguagem que eu vou escolher&#8221;, afirma.<\/p>\n\n\n\n<p><strong>Trabalhos e exposi\u00e7\u00f5es<br><\/strong>Dentre suas in\u00fameras obras est\u00e1 o trabalho &#8220;Porta-bandeiras&#8221; que, segundo Mar\u00edlia, surgiu de uma inquieta\u00e7\u00e3o diante da banaliza\u00e7\u00e3o do uso da bandeira do Brasil e de sua constante manipula\u00e7\u00e3o.<\/p>\n\n\n\n<p>O site criado em 2020 com a ajuda do t\u00e9cnico programador Lucas Schlosinski traz um gerador online de bandeiras, onde o usu\u00e1rio pode mudar as cores, frases e at\u00e9 retirar algumas formas. Depois, a imagem pode ser compartilhada.<\/p>\n\n\n\n<p>Entre suas participa\u00e7\u00f5es nacionais, tr\u00eas obras de Mar\u00edlia foram selecionadas para o Em Rede(s) &#8211; 1\u00ba Edital Art Soul Artistas Independentes, uma exposi\u00e7\u00e3o on-line realizada at\u00e9 o dia 12 de outubro. A artista tamb\u00e9m participou da exposi\u00e7\u00e3o &#8220;Minist\u00e9rio da Solid\u00e3o&#8221;, na Oficina Oswald de Andrade em S\u00e3o Paulo (SP).<\/p>\n\n\n\n<p>Os principais trabalhos de Mar\u00edlia Scarabello podem ser encontrados em seu <a href=\"https:\/\/www.mariliascarabello.com.br\/\">site<\/a>.<\/p>\n\n\n\n<p><em><strong>(Fonte: G1\/Imagem: Arquivo Mar\u00edlia Scarabello)<\/strong><\/em><\/p>\n","protected":false},"excerpt":{"rendered":"<p>Mar\u00edlia Scarabello desenvolveu o trabalho &#8220;Sem t\u00edtulo [Brasil]&#8221; ao longo de 10 meses. <\/p>\n","protected":false},"author":25,"featured_media":81536,"comment_status":"closed","ping_status":"closed","sticky":false,"template":"","format":"standard","meta":{"footnotes":""},"categories":[2833,1],"tags":[],"class_list":["post-81531","post","type-post","status-publish","format-standard","has-post-thumbnail","hentry","category-cultura","category-noticias"],"_links":{"self":[{"href":"https:\/\/tvtecjundiai.com.br\/news\/wp-json\/wp\/v2\/posts\/81531","targetHints":{"allow":["GET"]}}],"collection":[{"href":"https:\/\/tvtecjundiai.com.br\/news\/wp-json\/wp\/v2\/posts"}],"about":[{"href":"https:\/\/tvtecjundiai.com.br\/news\/wp-json\/wp\/v2\/types\/post"}],"author":[{"embeddable":true,"href":"https:\/\/tvtecjundiai.com.br\/news\/wp-json\/wp\/v2\/users\/25"}],"replies":[{"embeddable":true,"href":"https:\/\/tvtecjundiai.com.br\/news\/wp-json\/wp\/v2\/comments?post=81531"}],"version-history":[{"count":1,"href":"https:\/\/tvtecjundiai.com.br\/news\/wp-json\/wp\/v2\/posts\/81531\/revisions"}],"predecessor-version":[{"id":81537,"href":"https:\/\/tvtecjundiai.com.br\/news\/wp-json\/wp\/v2\/posts\/81531\/revisions\/81537"}],"wp:featuredmedia":[{"embeddable":true,"href":"https:\/\/tvtecjundiai.com.br\/news\/wp-json\/wp\/v2\/media\/81536"}],"wp:attachment":[{"href":"https:\/\/tvtecjundiai.com.br\/news\/wp-json\/wp\/v2\/media?parent=81531"}],"wp:term":[{"taxonomy":"category","embeddable":true,"href":"https:\/\/tvtecjundiai.com.br\/news\/wp-json\/wp\/v2\/categories?post=81531"},{"taxonomy":"post_tag","embeddable":true,"href":"https:\/\/tvtecjundiai.com.br\/news\/wp-json\/wp\/v2\/tags?post=81531"}],"curies":[{"name":"wp","href":"https:\/\/api.w.org\/{rel}","templated":true}]}}