{"id":81538,"date":"2021-08-30T10:04:45","date_gmt":"2021-08-30T13:04:45","guid":{"rendered":"https:\/\/tvtecjundiai.com.br\/news\/?p=81538"},"modified":"2021-08-30T11:11:28","modified_gmt":"2021-08-30T14:11:28","slug":"jundiai-apresenta-projetos-habitacionais-em-brasilia","status":"publish","type":"post","link":"https:\/\/tvtecjundiai.com.br\/news\/2021\/08\/30\/jundiai-apresenta-projetos-habitacionais-em-brasilia\/","title":{"rendered":"Jundia\u00ed apresenta projetos habitacionais em Bras\u00edlia"},"content":{"rendered":"\n<p>Na \u00faltima quarta-feira (25), a Funda\u00e7\u00e3o Municipal de A\u00e7\u00e3o Social (FUMAS) progrediu com a proposta de projetos direcionados para habita\u00e7\u00e3o popular. Desta vez em Bras\u00edlia, o superintendente da funda\u00e7\u00e3o, Jos\u00e9 Galv\u00e3o Braga Campos, acompanhado por Edilson Chrispim, o Diretor do Departamento de A\u00e7\u00e3o Social (DAS), apresentaram o plano em busca de aprova\u00e7\u00f5es para a realiza\u00e7\u00e3o dos empreendimentos.<\/p>\n\n\n\n<p>Com o intuito de agregar linhas de cr\u00e9ditos para viabilizar os projetos habitacionais para a cidade de Jundia\u00ed, a reuni\u00e3o contou com a presen\u00e7a do Ministro do Desenvolvimento Regional, Rog\u00e9rio Marinho, do Secret\u00e1rio Nacional de Habita\u00e7\u00e3o, Alfredo Eduardo dos Santos, do Deputado Federal, Fausto Pinato (PP) e do Chefe de Gabinete, Rog\u00e9rio Andrade, para discutirem as pautas sobre os n\u00facleos de Jundia\u00ed, incluindo o Meias A\u00e7o, mais especificamente, Jardim Sorocabana, que continua como prioridade do prefeito de Jundia\u00ed, Luiz Fernando Machado; e agora cada vez mais pr\u00f3ximo de atender as necessidades de moradias.<\/p>\n\n\n\n<p>\u201cJundia\u00ed est\u00e1 empenhada em garantir solu\u00e7\u00f5es para a demanda habitacional da cidade. A busca de apoio e aprova\u00e7\u00f5es com \u00f3rg\u00e3os p\u00fablicos das esferas do Estado e Federa\u00e7\u00e3o s\u00e3o essenciais para a realiza\u00e7\u00e3o dos empreendimentos. O trabalho em conjunto garante maior resultado para a popula\u00e7\u00e3o\u201d, comenta o prefeito Luiz Fernando Machado.<\/p>\n\n\n\n<div class=\"wp-block-image\"><figure class=\"aligncenter size-large is-resized\"><img loading=\"lazy\" decoding=\"async\" src=\"https:\/\/tvtecjundiai.com.br\/news\/wp-content\/uploads\/sites\/2\/2021\/08\/fumas2_a-1200x778.jpg\" alt=\"\" class=\"wp-image-81539\" width=\"612\" height=\"396\" srcset=\"https:\/\/tvtecjundiai.com.br\/news\/wp-content\/uploads\/sites\/2\/2021\/08\/fumas2_a-1200x778.jpg 1200w, https:\/\/tvtecjundiai.com.br\/news\/wp-content\/uploads\/sites\/2\/2021\/08\/fumas2_a-300x195.jpg 300w, https:\/\/tvtecjundiai.com.br\/news\/wp-content\/uploads\/sites\/2\/2021\/08\/fumas2_a-768x498.jpg 768w, https:\/\/tvtecjundiai.com.br\/news\/wp-content\/uploads\/sites\/2\/2021\/08\/fumas2_a.jpg 1280w\" sizes=\"auto, (max-width: 612px) 100vw, 612px\" \/><figcaption>Reuni\u00e3o em Bras\u00edlia apresentou projetos habitacionais para a cidade com foco em recursos<\/figcaption><\/figure><\/div>\n\n\n\n<p>De acordo com Tico, essa foi uma reuni\u00e3o para buscar novas linhas de investimentos. \u201cN\u00f3s apresentamos como podemos trabalhar e como os projetos podem e devem melhorar a qualidade de vida dos moradores da regi\u00e3o em quest\u00e3o\u201d, afirmou.<\/p>\n\n\n\n<p>Ao fim do encontro, que tamb\u00e9m contou com a presen\u00e7a de Jo\u00e3o Paulo Souza, o Chefe da Casa Civil de V\u00e1rzea Paulista, foi antecipado que na primeira quinzena de setembro o Governo Federal lan\u00e7ar\u00e1 linhas de cr\u00e9ditos para conjuntos habitacionais de baixa renda, como comentado pelo Diretor da DAS, Edilson Chrispim.<\/p>\n\n\n\n<p><strong><em>(Fonte\/Imagem: Prefeitura de Jundia\u00ed)<\/em><\/strong><\/p>\n","protected":false},"excerpt":{"rendered":"<p>O intuito \u00e9 agregar linhas de cr\u00e9ditos para viabilizar os projetos habitacionais.<\/p>\n","protected":false},"author":25,"featured_media":81539,"comment_status":"closed","ping_status":"closed","sticky":false,"template":"","format":"standard","meta":{"footnotes":""},"categories":[29,5985,1],"tags":[],"class_list":["post-81538","post","type-post","status-publish","format-standard","has-post-thumbnail","hentry","category-destaque","category-habitacao","category-noticias"],"_links":{"self":[{"href":"https:\/\/tvtecjundiai.com.br\/news\/wp-json\/wp\/v2\/posts\/81538","targetHints":{"allow":["GET"]}}],"collection":[{"href":"https:\/\/tvtecjundiai.com.br\/news\/wp-json\/wp\/v2\/posts"}],"about":[{"href":"https:\/\/tvtecjundiai.com.br\/news\/wp-json\/wp\/v2\/types\/post"}],"author":[{"embeddable":true,"href":"https:\/\/tvtecjundiai.com.br\/news\/wp-json\/wp\/v2\/users\/25"}],"replies":[{"embeddable":true,"href":"https:\/\/tvtecjundiai.com.br\/news\/wp-json\/wp\/v2\/comments?post=81538"}],"version-history":[{"count":2,"href":"https:\/\/tvtecjundiai.com.br\/news\/wp-json\/wp\/v2\/posts\/81538\/revisions"}],"predecessor-version":[{"id":81548,"href":"https:\/\/tvtecjundiai.com.br\/news\/wp-json\/wp\/v2\/posts\/81538\/revisions\/81548"}],"wp:featuredmedia":[{"embeddable":true,"href":"https:\/\/tvtecjundiai.com.br\/news\/wp-json\/wp\/v2\/media\/81539"}],"wp:attachment":[{"href":"https:\/\/tvtecjundiai.com.br\/news\/wp-json\/wp\/v2\/media?parent=81538"}],"wp:term":[{"taxonomy":"category","embeddable":true,"href":"https:\/\/tvtecjundiai.com.br\/news\/wp-json\/wp\/v2\/categories?post=81538"},{"taxonomy":"post_tag","embeddable":true,"href":"https:\/\/tvtecjundiai.com.br\/news\/wp-json\/wp\/v2\/tags?post=81538"}],"curies":[{"name":"wp","href":"https:\/\/api.w.org\/{rel}","templated":true}]}}