{"id":81580,"date":"2021-08-31T08:59:11","date_gmt":"2021-08-31T11:59:11","guid":{"rendered":"https:\/\/tvtecjundiai.com.br\/news\/?p=81580"},"modified":"2021-08-31T08:59:11","modified_gmt":"2021-08-31T11:59:11","slug":"jundiai-empreendedora-e-tema-de-encontro-na-camara-municipal","status":"publish","type":"post","link":"https:\/\/tvtecjundiai.com.br\/news\/2021\/08\/31\/jundiai-empreendedora-e-tema-de-encontro-na-camara-municipal\/","title":{"rendered":"Jundia\u00ed Empreendedora \u00e9 tema de encontro na C\u00e2mara Municipal"},"content":{"rendered":"\n<p>O gestor de Desenvolvimento Econ\u00f4mico, Ci\u00eancia e Tecnologia (UGDECT), Cristiano Lopes, esteve na segunda-feira (30) na C\u00e2mara Municipal de Jundia\u00ed a convite dos vereadores para apresentar o balan\u00e7o do trabalho feito e das a\u00e7\u00f5es futuras da pasta. Na ocasi\u00e3o, o gestor apresentou as metas e a\u00e7\u00f5es desde quando assumiu como gestor com foco na retomada econ\u00f4mica, trabalho feito paralelamente aos esfor\u00e7os na \u00e1rea da sa\u00fade.<\/p>\n\n\n\n<p>Lopes apresentou o portal Jundia\u00ed Empreendedora que em agosto completou tr\u00eas meses com n\u00fameros satisfat\u00f3rios, al\u00e9m de mostrar os pr\u00f3ximos passos e projetos da \u00e1rea que incluem, a segunda fase do Jundia\u00ed Empreendedora.<\/p>\n\n\n\n<p>\u201cEste di\u00e1logo com os vereadores \u00e9 muito importante. Eles nos ajudam muito no trabalho desenvolvido no Jundia\u00ed Empreendedora na gera\u00e7\u00e3o de emprego e renda, al\u00e9m do fomento ao com\u00e9rcio local. Foi um encontro \u00f3timo e um di\u00e1logo importante\u201d, explica.<\/p>\n\n\n\n<div class=\"wp-block-image\"><figure class=\"aligncenter size-large is-resized\"><img loading=\"lazy\" decoding=\"async\" src=\"https:\/\/tvtecjundiai.com.br\/news\/wp-content\/uploads\/sites\/2\/2021\/08\/ugdect-1200x800.jpg\" alt=\"\" class=\"wp-image-81581\" width=\"641\" height=\"427\" srcset=\"https:\/\/tvtecjundiai.com.br\/news\/wp-content\/uploads\/sites\/2\/2021\/08\/ugdect-1200x800.jpg 1200w, https:\/\/tvtecjundiai.com.br\/news\/wp-content\/uploads\/sites\/2\/2021\/08\/ugdect-300x200.jpg 300w, https:\/\/tvtecjundiai.com.br\/news\/wp-content\/uploads\/sites\/2\/2021\/08\/ugdect-768x512.jpg 768w, https:\/\/tvtecjundiai.com.br\/news\/wp-content\/uploads\/sites\/2\/2021\/08\/ugdect.jpg 1280w\" sizes=\"auto, (max-width: 641px) 100vw, 641px\" \/><figcaption>Apresenta\u00e7\u00e3o do Jundia\u00ed Empreendedora foi feita para vereadores da C\u00e2mara de Jundia\u00ed<\/figcaption><\/figure><\/div>\n\n\n\n<p>Participaram do encontro o presidente da C\u00e2mara Municipal de Jundia\u00ed, vereador Faouaz Taha, al\u00e9m dos vereadores C\u00edcero Camargo, Marcio \u201cCabeleireiro\u201d Pentecostes, Adriano Santana dos Santos (Dika Xique-xique), Adilson Roberto Pereira J\u00fanior, Daniel Lemos Pereira, Edicarlos Vieira e Jos\u00e9 Ant\u00f4nio Kachan J\u00fanior e do Assessor Especial para Assuntos Legislativos Rafael Antonucci.<\/p>\n\n\n\n<p><strong><em>(Fonte\/Imagem: Prefeitura de Jundia\u00ed)<\/em><\/strong><\/p>\n","protected":false},"excerpt":{"rendered":"<p>O portal completou tr\u00eas meses com n\u00fameros satisfat\u00f3rios.<\/p>\n","protected":false},"author":25,"featured_media":81581,"comment_status":"closed","ping_status":"closed","sticky":false,"template":"","format":"standard","meta":{"footnotes":""},"categories":[1,2835],"tags":[],"class_list":["post-81580","post","type-post","status-publish","format-standard","has-post-thumbnail","hentry","category-noticias","category-tecnologia"],"_links":{"self":[{"href":"https:\/\/tvtecjundiai.com.br\/news\/wp-json\/wp\/v2\/posts\/81580","targetHints":{"allow":["GET"]}}],"collection":[{"href":"https:\/\/tvtecjundiai.com.br\/news\/wp-json\/wp\/v2\/posts"}],"about":[{"href":"https:\/\/tvtecjundiai.com.br\/news\/wp-json\/wp\/v2\/types\/post"}],"author":[{"embeddable":true,"href":"https:\/\/tvtecjundiai.com.br\/news\/wp-json\/wp\/v2\/users\/25"}],"replies":[{"embeddable":true,"href":"https:\/\/tvtecjundiai.com.br\/news\/wp-json\/wp\/v2\/comments?post=81580"}],"version-history":[{"count":1,"href":"https:\/\/tvtecjundiai.com.br\/news\/wp-json\/wp\/v2\/posts\/81580\/revisions"}],"predecessor-version":[{"id":81582,"href":"https:\/\/tvtecjundiai.com.br\/news\/wp-json\/wp\/v2\/posts\/81580\/revisions\/81582"}],"wp:featuredmedia":[{"embeddable":true,"href":"https:\/\/tvtecjundiai.com.br\/news\/wp-json\/wp\/v2\/media\/81581"}],"wp:attachment":[{"href":"https:\/\/tvtecjundiai.com.br\/news\/wp-json\/wp\/v2\/media?parent=81580"}],"wp:term":[{"taxonomy":"category","embeddable":true,"href":"https:\/\/tvtecjundiai.com.br\/news\/wp-json\/wp\/v2\/categories?post=81580"},{"taxonomy":"post_tag","embeddable":true,"href":"https:\/\/tvtecjundiai.com.br\/news\/wp-json\/wp\/v2\/tags?post=81580"}],"curies":[{"name":"wp","href":"https:\/\/api.w.org\/{rel}","templated":true}]}}