{"id":81622,"date":"2021-09-01T10:00:55","date_gmt":"2021-09-01T13:00:55","guid":{"rendered":"https:\/\/tvtecjundiai.com.br\/news\/?p=81622"},"modified":"2021-09-01T10:00:58","modified_gmt":"2021-09-01T13:00:58","slug":"representantes-do-ministerio-da-agricultura-visitam-o-vale-verde-em-jundiai","status":"publish","type":"post","link":"https:\/\/tvtecjundiai.com.br\/news\/2021\/09\/01\/representantes-do-ministerio-da-agricultura-visitam-o-vale-verde-em-jundiai\/","title":{"rendered":"Representantes do Minist\u00e9rio da Agricultura visitam o Vale Verde em Jundia\u00ed"},"content":{"rendered":"\n<p>O sucesso do Vale Verde, a horta org\u00e2nica que abastece as Escolas Inovadoras da rede municipal e unidades da rede estadual de ensino com hortali\u00e7as convencionais e PANC (Plantas Aliment\u00edcias N\u00e3o Comest\u00edveis) recebeu a visita, nesta ter\u00e7a-feira (31), de representantes do Minist\u00e9rio da Agricultura, Pecu\u00e1ria e Abastecimento que foram recebidos pela equipe do Vale Verde e da diretora do Departamento de Alimenta\u00e7\u00e3o e Nutri\u00e7\u00e3o, da Unidade de Educa\u00e7\u00e3o, Maria Angela Delgado.<\/p>\n\n\n\n<p>A agente de inspe\u00e7\u00e3o e ponto focal do Minist\u00e9rio da Agricultura, Mariane Antunes Lopes explicou que dentre as frentes do Minist\u00e9rio da Agricultura, h\u00e1 o trabalho de fomento ao setor org\u00e2nico e a visita teve como objetivo conhecer o espa\u00e7o. \u201cEstimulamos e divulgamos cases de sucesso e o Vale Verde \u00e9 um \u00f3timo exemplo. Al\u00e9m disso, convidamos Jundia\u00ed para que participe de um ciclo de palestras, que acontecer\u00e1 em setembro, sobre o alimentos org\u00e2nicos, para expor sobre o trabalho realizado e tamb\u00e9m ser um agente multiplicador de boas pr\u00e1ticas\u201d, declarou.&nbsp;<\/p>\n\n\n\n<figure class=\"wp-block-image\"><img decoding=\"async\" src=\"https:\/\/jundiai.sp.gov.br\/noticias\/wp-content\/uploads\/sites\/32\/2021\/08\/ministerio-agricultura-vale-verde-8.jpg\" alt=\"com c\u00e9u azul, grupo de pessoas est\u00e1 em frente horta com muito verde\" class=\"wp-image-275349\" \/><\/figure>\n\n\n\n<p>Mariane ainda contou que ficou impressionada com o Vale Verde \u201cEste lugar \u00e9 espetacular, a diversidade de PANC \u00e9 incr\u00edvel, n\u00e3o tinha conhecido uma horta com tanta diversidade de esp\u00e9cies como aqui\u201d, afirmou.&nbsp;<\/p>\n\n\n\n<p>Representando a Unidade de Educa\u00e7\u00e3o, Maria Angela participou de toda a visita. \u201cFicamos felizes com a visita do Minist\u00e9rio da Agricultura, principalmente pela divulga\u00e7\u00e3o do projeto Vale Verde como iniciativa de sucesso. \u00c9 mais um reconhecimento do trabalho realizado por toda a equipe\u201d, disse.<\/p>\n\n\n\n<p><\/p>\n\n\n\n<p><em><strong>(Fonte\/Imagem: Prefeitura de Jundia\u00ed)<\/strong><\/em><\/p>\n","protected":false},"excerpt":{"rendered":"<p>e a visita teve como objetivo conhecer o espa\u00e7o<\/p>\n","protected":false},"author":24,"featured_media":81624,"comment_status":"closed","ping_status":"closed","sticky":false,"template":"","format":"standard","meta":{"footnotes":""},"categories":[8356,3569],"tags":[],"class_list":["post-81622","post","type-post","status-publish","format-standard","has-post-thumbnail","hentry","category-jundiai","category-meio-ambiente"],"_links":{"self":[{"href":"https:\/\/tvtecjundiai.com.br\/news\/wp-json\/wp\/v2\/posts\/81622","targetHints":{"allow":["GET"]}}],"collection":[{"href":"https:\/\/tvtecjundiai.com.br\/news\/wp-json\/wp\/v2\/posts"}],"about":[{"href":"https:\/\/tvtecjundiai.com.br\/news\/wp-json\/wp\/v2\/types\/post"}],"author":[{"embeddable":true,"href":"https:\/\/tvtecjundiai.com.br\/news\/wp-json\/wp\/v2\/users\/24"}],"replies":[{"embeddable":true,"href":"https:\/\/tvtecjundiai.com.br\/news\/wp-json\/wp\/v2\/comments?post=81622"}],"version-history":[{"count":1,"href":"https:\/\/tvtecjundiai.com.br\/news\/wp-json\/wp\/v2\/posts\/81622\/revisions"}],"predecessor-version":[{"id":81629,"href":"https:\/\/tvtecjundiai.com.br\/news\/wp-json\/wp\/v2\/posts\/81622\/revisions\/81629"}],"wp:featuredmedia":[{"embeddable":true,"href":"https:\/\/tvtecjundiai.com.br\/news\/wp-json\/wp\/v2\/media\/81624"}],"wp:attachment":[{"href":"https:\/\/tvtecjundiai.com.br\/news\/wp-json\/wp\/v2\/media?parent=81622"}],"wp:term":[{"taxonomy":"category","embeddable":true,"href":"https:\/\/tvtecjundiai.com.br\/news\/wp-json\/wp\/v2\/categories?post=81622"},{"taxonomy":"post_tag","embeddable":true,"href":"https:\/\/tvtecjundiai.com.br\/news\/wp-json\/wp\/v2\/tags?post=81622"}],"curies":[{"name":"wp","href":"https:\/\/api.w.org\/{rel}","templated":true}]}}