{"id":81623,"date":"2021-09-01T10:00:46","date_gmt":"2021-09-01T13:00:46","guid":{"rendered":"https:\/\/tvtecjundiai.com.br\/news\/?p=81623"},"modified":"2021-09-01T10:00:50","modified_gmt":"2021-09-01T13:00:50","slug":"novas-bocas-de-lobo-sao-instaladas-em-avenida-do-residencial-jundiai","status":"publish","type":"post","link":"https:\/\/tvtecjundiai.com.br\/news\/2021\/09\/01\/novas-bocas-de-lobo-sao-instaladas-em-avenida-do-residencial-jundiai\/","title":{"rendered":"Novas bocas de lobo s\u00e3o instaladas em avenida do Residencial Jundia\u00ed"},"content":{"rendered":"\n<p>A Unidade de Gest\u00e3o de Infraestrutura e Servi\u00e7os P\u00fablicos realiza obras para a instala\u00e7\u00e3o de novas bocas de lobo na avenida Presb\u00edtero Manoel Ant\u00f4nio Dias Filho, no Residencial Jundia\u00ed. O objetivo \u00e9 ampliar o escoamento da \u00e1gua que se acumula com as chuvas, tanto na rua quanto nas cal\u00e7adas, e assim evitar transtornos aos moradores e pessoas que passam pelo local, nas proximidades da Unidade de Pronto Atendimento (UPA) e da Cl\u00ednica da Fam\u00edlia.<\/p>\n\n\n\n<p>\u201cEstamos fazendo diferentes obras que envolvem a drenagem de \u00e1guas pluviais nesta \u00e9poca do ano, em diferentes bairros, e assim nos preparando para um per\u00edodo de chuvas que dever\u00e1 chegar\u201d, explica o gestor de Infraestrutura e Servi\u00e7os P\u00fablicos, Adilson Rosa.<\/p>\n\n\n\n<p>Ao todo, s\u00e3o 136 metros de tubula\u00e7\u00e3o. O investimento \u00e9 de R$ 88.222,04. Al\u00e9m de novas bocas de lobo, a obra tamb\u00e9m aumenta o tamanho das j\u00e1 existentes. A \u00e1gua captada \u00e9 despejada em c\u00f3rrego pr\u00f3ximo e levada para o rio Jundia\u00ed.<\/p>\n\n\n\n<figure class=\"wp-block-image\"><img decoding=\"async\" src=\"https:\/\/jundiai.sp.gov.br\/noticias\/wp-content\/uploads\/sites\/32\/2021\/08\/boca-de-lobo_residencial-jundiai-2.jpg\" alt=\"\" class=\"wp-image-275363\" \/><figcaption>Objetivo \u00e9 ampliar o escoamento da \u00e1gua que se acumula com as chuvas<\/figcaption><\/figure>\n\n\n\n<p><em><strong>(Fonte\/Imagem: Prefeitura de Jundia\u00ed)<\/strong><\/em><\/p>\n","protected":false},"excerpt":{"rendered":"<p>Objetivo \u00e9 ampliar o escoamento da \u00e1gua que se acumula com as chuvas.<\/p>\n","protected":false},"author":27,"featured_media":81626,"comment_status":"closed","ping_status":"closed","sticky":false,"template":"","format":"standard","meta":{"footnotes":""},"categories":[8356],"tags":[],"class_list":["post-81623","post","type-post","status-publish","format-standard","has-post-thumbnail","hentry","category-jundiai"],"_links":{"self":[{"href":"https:\/\/tvtecjundiai.com.br\/news\/wp-json\/wp\/v2\/posts\/81623","targetHints":{"allow":["GET"]}}],"collection":[{"href":"https:\/\/tvtecjundiai.com.br\/news\/wp-json\/wp\/v2\/posts"}],"about":[{"href":"https:\/\/tvtecjundiai.com.br\/news\/wp-json\/wp\/v2\/types\/post"}],"author":[{"embeddable":true,"href":"https:\/\/tvtecjundiai.com.br\/news\/wp-json\/wp\/v2\/users\/27"}],"replies":[{"embeddable":true,"href":"https:\/\/tvtecjundiai.com.br\/news\/wp-json\/wp\/v2\/comments?post=81623"}],"version-history":[{"count":1,"href":"https:\/\/tvtecjundiai.com.br\/news\/wp-json\/wp\/v2\/posts\/81623\/revisions"}],"predecessor-version":[{"id":81628,"href":"https:\/\/tvtecjundiai.com.br\/news\/wp-json\/wp\/v2\/posts\/81623\/revisions\/81628"}],"wp:featuredmedia":[{"embeddable":true,"href":"https:\/\/tvtecjundiai.com.br\/news\/wp-json\/wp\/v2\/media\/81626"}],"wp:attachment":[{"href":"https:\/\/tvtecjundiai.com.br\/news\/wp-json\/wp\/v2\/media?parent=81623"}],"wp:term":[{"taxonomy":"category","embeddable":true,"href":"https:\/\/tvtecjundiai.com.br\/news\/wp-json\/wp\/v2\/categories?post=81623"},{"taxonomy":"post_tag","embeddable":true,"href":"https:\/\/tvtecjundiai.com.br\/news\/wp-json\/wp\/v2\/tags?post=81623"}],"curies":[{"name":"wp","href":"https:\/\/api.w.org\/{rel}","templated":true}]}}