{"id":81678,"date":"2021-09-02T09:10:22","date_gmt":"2021-09-02T12:10:22","guid":{"rendered":"https:\/\/tvtecjundiai.com.br\/news\/?p=81678"},"modified":"2021-09-02T09:10:26","modified_gmt":"2021-09-02T12:10:26","slug":"visita-guiada-pelo-mundo-das-criancas-encerra-programacao-do-mes-da-primeira-infancia-em-jundiai","status":"publish","type":"post","link":"https:\/\/tvtecjundiai.com.br\/news\/2021\/09\/02\/visita-guiada-pelo-mundo-das-criancas-encerra-programacao-do-mes-da-primeira-infancia-em-jundiai\/","title":{"rendered":"Visita guiada pelo Mundo das Crian\u00e7as encerra programa\u00e7\u00e3o do M\u00eas da Primeira Inf\u00e2ncia em Jundia\u00ed"},"content":{"rendered":"\n<p>Uma visita guiada pelo Mundo das Crian\u00e7as encerrou na tarde dessa ter\u00e7a-feira (31) a programa\u00e7\u00e3o proposta pelo Munic\u00edpio para comemorar o Agosto Dourado, M\u00eas Nacional da Primeira Inf\u00e2ncia. No encontro, Jundia\u00ed tamb\u00e9m firmou o in\u00edcio do Projeto de Prote\u00e7\u00e3o \u00e0 Amamenta\u00e7\u00e3o na Aten\u00e7\u00e3o Prim\u00e1ria, que dever\u00e1 ser articulado entre o Programa estadual S\u00e3o Paulo pela Primeir\u00edssima Inf\u00e2ncia (SPPI) e a Departamento de Aten\u00e7\u00e3o B\u00e1sica da Unidade de Gest\u00e3o de Promo\u00e7\u00e3o da Sa\u00fade (UGPS).<\/p>\n\n\n\n<p>Participaram da atividade os membros do comit\u00ea gestor municipal do Programa estadual S\u00e3o Paulo pela Primeir\u00edssima Inf\u00e2ncia (SPPI), al\u00e9m dos articuladores do programa nos Munic\u00edpio que comp\u00f5em a Aglomera\u00e7\u00e3o Urbana de Jundia\u00ed (AUJ).<\/p>\n\n\n\n<p>A atividade concluiu a programa\u00e7\u00e3o deste m\u00eas em que foram realizadas tamb\u00e9m as comemora\u00e7\u00f5es da Semana do Beb\u00ea, da Semana Mundial do Aleitamento Materno e o Dia dos Pais, com atividades como palestras e mesas-redondas on-line, atividades tem\u00e1ticas e de incentivo a pol\u00edticas p\u00fablicas para a Inf\u00e2ncia e Amamenta\u00e7\u00e3o.<\/p>\n\n\n\n<figure class=\"wp-block-image\"><img decoding=\"async\" src=\"https:\/\/jundiai.sp.gov.br\/noticias\/wp-content\/uploads\/sites\/32\/2021\/09\/mes-da-primeira-infancia_mundo-das-criancas-46.jpg\" alt=\"Cerca de 20 homens e mulheres, todos usando m\u00e1scaras, dispostos em formato de c\u00edrculo, conversando sobre um tablado de madeira e sob a copa de uma \u00e1rvore com galhos espessos e folhas\" class=\"wp-image-275451\" \/><\/figure>\n\n\n\n<p>Em Jundia\u00ed, as pol\u00edticas p\u00fablicas vinculadas \u00e0 Inf\u00e2ncia integram o programa municipal Cidade das Crian\u00e7as. Ainda sobre esta tem\u00e1tica, o Munic\u00edpio integra redes internacionais como a Rede Latino-Americana Cidade das Crian\u00e7as e a Rede Urban95 Brasil.<\/p>\n\n\n\n<p>Segundo a articuladora regional de Aten\u00e7\u00e3o B\u00e1sica e do SPPI, L\u00edgia Maria Bestetti, o objetivo do encerramento foi o de coroar as atividades regionais realizadas em agosto. \u201cEntendemos que quando se oferece o investimento correto nas crian\u00e7as e quando s\u00e3o proporcionadas condi\u00e7\u00f5es para o seu desenvolvimento, ser\u00e3o formados adultos bem-sucedidos. Assim, encerramos esta programa\u00e7\u00e3o, pensada para incentivar que a sociedade mude sua vis\u00e3o e possa se tornar cada vez melhor\u201d.<\/p>\n\n\n\n<p>O gestor da UGPS, Tiago Texera, refor\u00e7ou a import\u00e2ncia da articula\u00e7\u00e3o entre os Munic\u00edpios. \u201cO prefeito Luiz Fernando Machado sempre refor\u00e7a que uma cidade boa para as crian\u00e7as \u00e9 uma cidade boa para todos. Nesse sentido, refor\u00e7amos a import\u00e2ncia de que todos os Munic\u00edpios da AUJ possam se articular para que caminhem no mesmo sentido e consigam ampliar e qualificar as pol\u00edticas p\u00fablicas voltadas para a Inf\u00e2ncia em n\u00edvel regional\u201d<\/p>\n\n\n\n<p>A articuladora municipal do SPPI, Gerusa Moura, \u201ca proposta da visita foi de conhecer e explorar todas as potencialidades do Mundo das Crian\u00e7as na constru\u00e7\u00e3o de comportamentos positivos para as Inf\u00e2ncias. Ainda mais neste momento em que assinamos o projeto de prote\u00e7\u00e3o \u00e0 amamenta\u00e7\u00e3o\u201d.<\/p>\n\n\n\n<p><\/p>\n\n\n\n<p><strong><em>(Fonte\/Imagem: Prefeitura de Jundia\u00ed)<\/em><\/strong><\/p>\n","protected":false},"excerpt":{"rendered":"<p>Durante a visita, os participantes percorreram espa\u00e7os como a casa da \u00e1rvore<\/p>\n","protected":false},"author":24,"featured_media":81680,"comment_status":"closed","ping_status":"closed","sticky":false,"template":"","format":"standard","meta":{"footnotes":""},"categories":[8356,8354],"tags":[],"class_list":["post-81678","post","type-post","status-publish","format-standard","has-post-thumbnail","hentry","category-jundiai","category-lazer"],"_links":{"self":[{"href":"https:\/\/tvtecjundiai.com.br\/news\/wp-json\/wp\/v2\/posts\/81678","targetHints":{"allow":["GET"]}}],"collection":[{"href":"https:\/\/tvtecjundiai.com.br\/news\/wp-json\/wp\/v2\/posts"}],"about":[{"href":"https:\/\/tvtecjundiai.com.br\/news\/wp-json\/wp\/v2\/types\/post"}],"author":[{"embeddable":true,"href":"https:\/\/tvtecjundiai.com.br\/news\/wp-json\/wp\/v2\/users\/24"}],"replies":[{"embeddable":true,"href":"https:\/\/tvtecjundiai.com.br\/news\/wp-json\/wp\/v2\/comments?post=81678"}],"version-history":[{"count":1,"href":"https:\/\/tvtecjundiai.com.br\/news\/wp-json\/wp\/v2\/posts\/81678\/revisions"}],"predecessor-version":[{"id":81685,"href":"https:\/\/tvtecjundiai.com.br\/news\/wp-json\/wp\/v2\/posts\/81678\/revisions\/81685"}],"wp:featuredmedia":[{"embeddable":true,"href":"https:\/\/tvtecjundiai.com.br\/news\/wp-json\/wp\/v2\/media\/81680"}],"wp:attachment":[{"href":"https:\/\/tvtecjundiai.com.br\/news\/wp-json\/wp\/v2\/media?parent=81678"}],"wp:term":[{"taxonomy":"category","embeddable":true,"href":"https:\/\/tvtecjundiai.com.br\/news\/wp-json\/wp\/v2\/categories?post=81678"},{"taxonomy":"post_tag","embeddable":true,"href":"https:\/\/tvtecjundiai.com.br\/news\/wp-json\/wp\/v2\/tags?post=81678"}],"curies":[{"name":"wp","href":"https:\/\/api.w.org\/{rel}","templated":true}]}}