{"id":81709,"date":"2021-09-02T12:15:38","date_gmt":"2021-09-02T15:15:38","guid":{"rendered":"https:\/\/tvtecjundiai.com.br\/news\/?p=81709"},"modified":"2021-09-02T12:23:53","modified_gmt":"2021-09-02T15:23:53","slug":"mata-ciliar-resgata-73-animais-de-incendio-em-agosto","status":"publish","type":"post","link":"https:\/\/tvtecjundiai.com.br\/news\/2021\/09\/02\/mata-ciliar-resgata-73-animais-de-incendio-em-agosto\/","title":{"rendered":"Mata Ciliar j\u00e1 resgatou 73 animais de inc\u00eandio que atingiu a Serra do Japi em agosto"},"content":{"rendered":"\n<p>Um ouri\u00e7o resgatado do inc\u00eandio que durou mais de uma semana na Serra do Japi, em Cabre\u00fava, recebe cuidados especiais da Associa\u00e7\u00e3o Mata Atl\u00e2ntica em Jundia\u00ed. O fogo s\u00f3 foi controlado no nono dia, depois da chegada de chuva na cidade.<\/p>\n\n\n\n<p>Segundo a ONG, ele teve diversas queimaduras e sofre com problemas na vis\u00e3o. O animal passa por um processo de reabilita\u00e7\u00e3o e \u00e9 alimentado com uma seringa.<\/p>\n\n\n\n<div class=\"wp-block-image\"><figure class=\"aligncenter size-large\"><img loading=\"lazy\" decoding=\"async\" width=\"984\" height=\"452\" src=\"https:\/\/tvtecjundiai.com.br\/news\/wp-content\/uploads\/sites\/2\/2021\/09\/ourico-mataciliar.jpg\" alt=\"\" class=\"wp-image-81710\" srcset=\"https:\/\/tvtecjundiai.com.br\/news\/wp-content\/uploads\/sites\/2\/2021\/09\/ourico-mataciliar.jpg 984w, https:\/\/tvtecjundiai.com.br\/news\/wp-content\/uploads\/sites\/2\/2021\/09\/ourico-mataciliar-300x138.jpg 300w, https:\/\/tvtecjundiai.com.br\/news\/wp-content\/uploads\/sites\/2\/2021\/09\/ourico-mataciliar-768x353.jpg 768w\" sizes=\"auto, (max-width: 984px) 100vw, 984px\" \/><figcaption>Ouri\u00e7o resgatado de inc\u00eandio na Serra do Japi \u00e9 alimentado com seringa em ONG de Jundia\u00ed; \u2014 Foto: Reprodu\u00e7\u00e3o\/TV Globo<\/figcaption><\/figure><\/div>\n\n\n\n<p>Na quarta-feira (01), as equipes continuam no local e fazem o trabalho de rescaldo e monitoramento da regi\u00e3o. A queimada come\u00e7ou no dia 20 de agosto e devastou mais de 10 milh\u00f5es de metros quadrados na serra, que \u00e9 considerada uma das principais reservas da Mata Atl\u00e2ntica no Estado de SP.<\/p>\n\n\n\n<p>At\u00e9 o momento, 73 animais foram socorridos pela associa\u00e7\u00e3o. A maioria deles ficou \u00f3rf\u00e3o durante o inc\u00eandio. De acordo com a ONG, o processo de reabilita\u00e7\u00e3o ser\u00e1 longo e alguns deles podem n\u00e3o conseguir voltar ao seu habitat natural.<\/p>\n\n\n\n<p>Al\u00e9m dos animais encontrados mortos, muitos outros foram socorridos com ferimentos e sinais de desidrata\u00e7\u00e3o. A Associa\u00e7\u00e3o Mata Ciliar montou uma base de apoio no local para atender os bichos.<\/p>\n\n\n\n<p>Uma f\u00eamea de cachorro-do-mato e uma irara foram atropeladas na Rodovia Edgar M\u00e1ximo Zambotto. J\u00e1 na ter\u00e7a-feira (24), quatro filhotes \u00f3rf\u00e3os de cachorro-do-mato e dois filhotes de tapiti, tamb\u00e9m conhecidos como coelho-do-mato, foram encontrados sozinhos e levados para a base.<\/p>\n\n\n\n<div class=\"wp-block-image\"><figure class=\"aligncenter size-large\"><img loading=\"lazy\" decoding=\"async\" width=\"984\" height=\"478\" src=\"https:\/\/tvtecjundiai.com.br\/news\/wp-content\/uploads\/sites\/2\/2021\/09\/whatsapp-image-2021-08-31-at-10.11.27.jpeg\" alt=\"\" class=\"wp-image-81711\" srcset=\"https:\/\/tvtecjundiai.com.br\/news\/wp-content\/uploads\/sites\/2\/2021\/09\/whatsapp-image-2021-08-31-at-10.11.27.jpeg 984w, https:\/\/tvtecjundiai.com.br\/news\/wp-content\/uploads\/sites\/2\/2021\/09\/whatsapp-image-2021-08-31-at-10.11.27-300x146.jpeg 300w, https:\/\/tvtecjundiai.com.br\/news\/wp-content\/uploads\/sites\/2\/2021\/09\/whatsapp-image-2021-08-31-at-10.11.27-768x373.jpeg 768w\" sizes=\"auto, (max-width: 984px) 100vw, 984px\" \/><figcaption>Filhote resgatado em inc\u00eandio na Serra do Japi \u2014 Foto: Divulga\u00e7\u00e3o<\/figcaption><\/figure><\/div>\n\n\n\n<p><strong><em>(Fonte\/Imagem: G1)<\/em><\/strong><\/p>\n","protected":false},"excerpt":{"rendered":"<p>Maioria deles ficou \u00f3rf\u00e3o durante o inc\u00eandio que devastou mais de 10 milh\u00f5es de metros quadrados.<\/p>\n","protected":false},"author":25,"featured_media":81711,"comment_status":"closed","ping_status":"closed","sticky":false,"template":"","format":"standard","meta":{"footnotes":""},"categories":[2834,8356,3569,1],"tags":[918],"class_list":["post-81709","post","type-post","status-publish","format-standard","has-post-thumbnail","hentry","category-cidades","category-jundiai","category-meio-ambiente","category-noticias","tag-mata-ciliar"],"_links":{"self":[{"href":"https:\/\/tvtecjundiai.com.br\/news\/wp-json\/wp\/v2\/posts\/81709","targetHints":{"allow":["GET"]}}],"collection":[{"href":"https:\/\/tvtecjundiai.com.br\/news\/wp-json\/wp\/v2\/posts"}],"about":[{"href":"https:\/\/tvtecjundiai.com.br\/news\/wp-json\/wp\/v2\/types\/post"}],"author":[{"embeddable":true,"href":"https:\/\/tvtecjundiai.com.br\/news\/wp-json\/wp\/v2\/users\/25"}],"replies":[{"embeddable":true,"href":"https:\/\/tvtecjundiai.com.br\/news\/wp-json\/wp\/v2\/comments?post=81709"}],"version-history":[{"count":3,"href":"https:\/\/tvtecjundiai.com.br\/news\/wp-json\/wp\/v2\/posts\/81709\/revisions"}],"predecessor-version":[{"id":81714,"href":"https:\/\/tvtecjundiai.com.br\/news\/wp-json\/wp\/v2\/posts\/81709\/revisions\/81714"}],"wp:featuredmedia":[{"embeddable":true,"href":"https:\/\/tvtecjundiai.com.br\/news\/wp-json\/wp\/v2\/media\/81711"}],"wp:attachment":[{"href":"https:\/\/tvtecjundiai.com.br\/news\/wp-json\/wp\/v2\/media?parent=81709"}],"wp:term":[{"taxonomy":"category","embeddable":true,"href":"https:\/\/tvtecjundiai.com.br\/news\/wp-json\/wp\/v2\/categories?post=81709"},{"taxonomy":"post_tag","embeddable":true,"href":"https:\/\/tvtecjundiai.com.br\/news\/wp-json\/wp\/v2\/tags?post=81709"}],"curies":[{"name":"wp","href":"https:\/\/api.w.org\/{rel}","templated":true}]}}