{"id":81734,"date":"2021-09-02T16:06:13","date_gmt":"2021-09-02T19:06:13","guid":{"rendered":"https:\/\/tvtecjundiai.com.br\/news\/?p=81734"},"modified":"2021-09-02T16:35:03","modified_gmt":"2021-09-02T19:35:03","slug":"avenida-jundiai-ganhara-iluminacao-de-led-em-toda-extensao","status":"publish","type":"post","link":"https:\/\/tvtecjundiai.com.br\/news\/2021\/09\/02\/avenida-jundiai-ganhara-iluminacao-de-led-em-toda-extensao\/","title":{"rendered":"Avenida Jundia\u00ed ganhar\u00e1 ilumina\u00e7\u00e3o de LED em toda extens\u00e3o"},"content":{"rendered":"\n<p>A Prefeitura de Jundia\u00ed inicia nesta quarta-feira (08) interven\u00e7\u00e3o na Avenida Jundia\u00ed para a troca das 138 lumin\u00e1rias existentes na via, que liga a Rodovia Anhanguera ao Centro da cidade. Os novos equipamentos proporcionar\u00e3o redu\u00e7\u00e3o de 56% no consumo de energia el\u00e9trica com aumento na luminosidade. O valor total do investimento \u00e9 de R$ 204.547,02, proveniente de emenda do Deputado Estadual Antonio Assun\u00e7\u00e3o de Olim, o Delegado Olim. A interven\u00e7\u00e3o tem prazo de t\u00e9rmino em 30 dias.<\/p>\n\n\n\n<p>\u201cA renova\u00e7\u00e3o no sistema de ilumina\u00e7\u00e3o garante, al\u00e9m de maior qualidade na presta\u00e7\u00e3o do servi\u00e7o p\u00fablico, com vias mais iluminadas, seguras e com economia de energia para o meio ambiente. As novas lumin\u00e1rias trar\u00e3o economia de 56% no consumo de energia\u201d, comenta o prefeito Luiz Fernando Machado.<\/p>\n\n\n\n<figure class=\"wp-block-image\"><img decoding=\"async\" src=\"https:\/\/jundiai.sp.gov.br\/noticias\/wp-content\/uploads\/sites\/32\/2021\/09\/iluminacao_antes_avenida_jundiai-6.jpg\" alt=\"\" class=\"wp-image-275541\" \/><figcaption>Ilumina\u00e7\u00e3o na Avenida Jundia\u00ed ser\u00e3o trocados por dispositivos mais econ\u00f4micos e de maior ilumina\u00e7\u00e3o<\/figcaption><\/figure>\n\n\n\n<p>Outro benef\u00edcio apontado pela diretora de Ilumina\u00e7\u00e3o P\u00fablica da Unidade de Gest\u00e3o de Infraestrutura e Servi\u00e7os P\u00fablicos (UGISP), Daiane Lima, \u00e9 a maior vida \u00fatil dos equipamentos propostos. \u201c\u00c9 esperada a redu\u00e7\u00e3o na necessidade de manuten\u00e7\u00e3o na via, o que reduz custos e proporciona maior qualidade de servi\u00e7o para a popula\u00e7\u00e3o\u201d, avalia.<\/p>\n\n\n\n<p>Os equipamentos existentes atualmente s\u00e3o lumin\u00e1rias de l\u00e2mpadas Multivapor Met\u00e1lico de 250W. J\u00e1 as novas s\u00e3o lumin\u00e1rias LED de 120W com fluxo luminoso de 14.400lm.<\/p>\n\n\n\n<p><em><strong>(Fonte\/Imagem: Prefeitura de Jundia\u00ed)<\/strong><\/em><\/p>\n","protected":false},"excerpt":{"rendered":"<p>A nova ilumina\u00e7\u00e3o proporciona redu\u00e7\u00e3o de 56% no consumo de energia el\u00e9trica.<\/p>\n","protected":false},"author":27,"featured_media":81735,"comment_status":"closed","ping_status":"closed","sticky":false,"template":"","format":"standard","meta":{"footnotes":""},"categories":[8356],"tags":[],"class_list":["post-81734","post","type-post","status-publish","format-standard","has-post-thumbnail","hentry","category-jundiai"],"_links":{"self":[{"href":"https:\/\/tvtecjundiai.com.br\/news\/wp-json\/wp\/v2\/posts\/81734","targetHints":{"allow":["GET"]}}],"collection":[{"href":"https:\/\/tvtecjundiai.com.br\/news\/wp-json\/wp\/v2\/posts"}],"about":[{"href":"https:\/\/tvtecjundiai.com.br\/news\/wp-json\/wp\/v2\/types\/post"}],"author":[{"embeddable":true,"href":"https:\/\/tvtecjundiai.com.br\/news\/wp-json\/wp\/v2\/users\/27"}],"replies":[{"embeddable":true,"href":"https:\/\/tvtecjundiai.com.br\/news\/wp-json\/wp\/v2\/comments?post=81734"}],"version-history":[{"count":2,"href":"https:\/\/tvtecjundiai.com.br\/news\/wp-json\/wp\/v2\/posts\/81734\/revisions"}],"predecessor-version":[{"id":81739,"href":"https:\/\/tvtecjundiai.com.br\/news\/wp-json\/wp\/v2\/posts\/81734\/revisions\/81739"}],"wp:featuredmedia":[{"embeddable":true,"href":"https:\/\/tvtecjundiai.com.br\/news\/wp-json\/wp\/v2\/media\/81735"}],"wp:attachment":[{"href":"https:\/\/tvtecjundiai.com.br\/news\/wp-json\/wp\/v2\/media?parent=81734"}],"wp:term":[{"taxonomy":"category","embeddable":true,"href":"https:\/\/tvtecjundiai.com.br\/news\/wp-json\/wp\/v2\/categories?post=81734"},{"taxonomy":"post_tag","embeddable":true,"href":"https:\/\/tvtecjundiai.com.br\/news\/wp-json\/wp\/v2\/tags?post=81734"}],"curies":[{"name":"wp","href":"https:\/\/api.w.org\/{rel}","templated":true}]}}