{"id":81737,"date":"2021-09-02T16:27:59","date_gmt":"2021-09-02T19:27:59","guid":{"rendered":"https:\/\/tvtecjundiai.com.br\/news\/?p=81737"},"modified":"2021-09-02T16:28:16","modified_gmt":"2021-09-02T19:28:16","slug":"jundiai-registra-tres-obitos-por-covid-19-nesta-quinta-feira-02","status":"publish","type":"post","link":"https:\/\/tvtecjundiai.com.br\/news\/2021\/09\/02\/jundiai-registra-tres-obitos-por-covid-19-nesta-quinta-feira-02\/","title":{"rendered":"Jundia\u00ed registra tr\u00eas \u00f3bitos por COVID-19 nesta quinta-feira (02)"},"content":{"rendered":"\n<p>A Prefeitura de Jundia\u00ed informa que, nesta quinta-feira (02), recebemos tr\u00eas notifica\u00e7\u00f5es de \u00f3bitos de residentes na cidade causados pelo Novo Coronav\u00edrus, at\u00e9 o fechamento deste boletim.<\/p>\n\n\n\n<p>Homem, 82 anos, sem comorbidades registradas. Internou 17\/08 e faleceu 02\/09 no hospital \u00e3o Vicente.<\/p>\n\n\n\n<p>Homem, 89 anos, portador de doen\u00e7a cardiovascular cr\u00f4nica. Internou 30\/08 e faleceu 01\/09 em hospital privado da cidade.<\/p>\n\n\n\n<p>Mulher, 59 anos, portadora de hepatopatia cr\u00f4nica. Internou 17\/05 (maio) e faleceu 01\/09 em hospital privado da cidade.<\/p>\n\n\n\n<p>At\u00e9 o momento, a cidade registra 1557 \u00f3bitos causados pela COVID-19 desde o in\u00edcio da pandemia.<\/p>\n\n\n\n<p><\/p>\n\n\n\n<figure class=\"wp-block-image\"><img decoding=\"async\" src=\"https:\/\/jundiai.sp.gov.br\/noticias\/wp-content\/uploads\/sites\/32\/2021\/09\/slide1-3-960x960.png\" alt=\"\" class=\"wp-image-275547\" \/><\/figure>\n\n\n\n<figure class=\"wp-block-image\"><img decoding=\"async\" src=\"https:\/\/jundiai.sp.gov.br\/noticias\/wp-content\/uploads\/sites\/32\/2021\/09\/slide2-1-960x960.png\" alt=\"\" class=\"wp-image-275548\" \/><\/figure>\n\n\n\n<p><em><strong>(Fonte\/Imagem: Prefeitura de Jundia\u00ed)<\/strong><\/em><\/p>\n","protected":false},"excerpt":{"rendered":"<p>A cidade registra 1557 \u00f3bitos causados pela COVID-19 desde o in\u00edcio da pandemia.<\/p>\n","protected":false},"author":27,"featured_media":58447,"comment_status":"closed","ping_status":"closed","sticky":false,"template":"","format":"standard","meta":{"footnotes":""},"categories":[8356,8355],"tags":[],"class_list":["post-81737","post","type-post","status-publish","format-standard","has-post-thumbnail","hentry","category-jundiai","category-saude-3"],"_links":{"self":[{"href":"https:\/\/tvtecjundiai.com.br\/news\/wp-json\/wp\/v2\/posts\/81737","targetHints":{"allow":["GET"]}}],"collection":[{"href":"https:\/\/tvtecjundiai.com.br\/news\/wp-json\/wp\/v2\/posts"}],"about":[{"href":"https:\/\/tvtecjundiai.com.br\/news\/wp-json\/wp\/v2\/types\/post"}],"author":[{"embeddable":true,"href":"https:\/\/tvtecjundiai.com.br\/news\/wp-json\/wp\/v2\/users\/27"}],"replies":[{"embeddable":true,"href":"https:\/\/tvtecjundiai.com.br\/news\/wp-json\/wp\/v2\/comments?post=81737"}],"version-history":[{"count":1,"href":"https:\/\/tvtecjundiai.com.br\/news\/wp-json\/wp\/v2\/posts\/81737\/revisions"}],"predecessor-version":[{"id":81738,"href":"https:\/\/tvtecjundiai.com.br\/news\/wp-json\/wp\/v2\/posts\/81737\/revisions\/81738"}],"wp:featuredmedia":[{"embeddable":true,"href":"https:\/\/tvtecjundiai.com.br\/news\/wp-json\/wp\/v2\/media\/58447"}],"wp:attachment":[{"href":"https:\/\/tvtecjundiai.com.br\/news\/wp-json\/wp\/v2\/media?parent=81737"}],"wp:term":[{"taxonomy":"category","embeddable":true,"href":"https:\/\/tvtecjundiai.com.br\/news\/wp-json\/wp\/v2\/categories?post=81737"},{"taxonomy":"post_tag","embeddable":true,"href":"https:\/\/tvtecjundiai.com.br\/news\/wp-json\/wp\/v2\/tags?post=81737"}],"curies":[{"name":"wp","href":"https:\/\/api.w.org\/{rel}","templated":true}]}}