{"id":81774,"date":"2021-09-03T15:06:23","date_gmt":"2021-09-03T18:06:23","guid":{"rendered":"https:\/\/tvtecjundiai.com.br\/news\/?p=81774"},"modified":"2021-09-03T15:06:36","modified_gmt":"2021-09-03T18:06:36","slug":"feriado-em-jundiai-tera-maxima-de-35c","status":"publish","type":"post","link":"https:\/\/tvtecjundiai.com.br\/news\/2021\/09\/03\/feriado-em-jundiai-tera-maxima-de-35c\/","title":{"rendered":"Feriado em Jundia\u00ed ter\u00e1 m\u00e1xima de 35\u00b0C"},"content":{"rendered":"\n<p>A partir desta sexta-feira (03), segundo o Climatempo, as m\u00e1ximas devem subir em Jundia\u00ed.<\/p>\n\n\n\n<p>O final de semana come\u00e7a com temperatura m\u00e1xima de 30\u00b0C no s\u00e1bado (04), mas o clima quente permanece ao logo do final de semana e feriado, chegando a m\u00e1xima de 35\u00b0C na ter\u00e7a-feira (07). N\u00e3o h\u00e1 previs\u00e3o de chuva entre os dias 04 e 07 de setembro.<\/p>\n\n\n\n<figure class=\"wp-block-image size-large\"><img loading=\"lazy\" decoding=\"async\" width=\"1200\" height=\"676\" src=\"https:\/\/tvtecjundiai.com.br\/news\/wp-content\/uploads\/sites\/2\/2021\/09\/MARCIO-SOUZA-1200x676.jpg\" alt=\"\" class=\"wp-image-81775\" srcset=\"https:\/\/tvtecjundiai.com.br\/news\/wp-content\/uploads\/sites\/2\/2021\/09\/MARCIO-SOUZA-1200x676.jpg 1200w, https:\/\/tvtecjundiai.com.br\/news\/wp-content\/uploads\/sites\/2\/2021\/09\/MARCIO-SOUZA-300x169.jpg 300w, https:\/\/tvtecjundiai.com.br\/news\/wp-content\/uploads\/sites\/2\/2021\/09\/MARCIO-SOUZA-768x433.jpg 768w, https:\/\/tvtecjundiai.com.br\/news\/wp-content\/uploads\/sites\/2\/2021\/09\/MARCIO-SOUZA.jpg 1280w\" sizes=\"auto, (max-width: 1200px) 100vw, 1200px\" \/><figcaption>Foto: Marcio Souza<\/figcaption><\/figure>\n\n\n\n<p><\/p>\n\n\n\n<p>No s\u00e1bado (04), a temperatura fica entre 15\u00b0C e 30\u00b0C. No domingo (05), a m\u00e1xima prevista \u00e9 de 31\u00b0C e m\u00ednima de 16\u00b0C.<\/p>\n\n\n\n<p>A segunda-feira (06), ter\u00e1 m\u00e1xima de 32\u00b0C e m\u00ednima de 16\u00b0C. A temperatura sobe no feriado do dia 07 de setembro, com m\u00e1xima de 35\u00b0C e m\u00ednima de 17\u00b0C.<\/p>\n","protected":false},"excerpt":{"rendered":"<p>N\u00e3o h\u00e1 previs\u00e3o de chuva entre os dias 04 e 07 de setembro.<\/p>\n","protected":false},"author":27,"featured_media":81776,"comment_status":"closed","ping_status":"closed","sticky":false,"template":"","format":"standard","meta":{"footnotes":""},"categories":[8356],"tags":[],"class_list":["post-81774","post","type-post","status-publish","format-standard","has-post-thumbnail","hentry","category-jundiai"],"_links":{"self":[{"href":"https:\/\/tvtecjundiai.com.br\/news\/wp-json\/wp\/v2\/posts\/81774","targetHints":{"allow":["GET"]}}],"collection":[{"href":"https:\/\/tvtecjundiai.com.br\/news\/wp-json\/wp\/v2\/posts"}],"about":[{"href":"https:\/\/tvtecjundiai.com.br\/news\/wp-json\/wp\/v2\/types\/post"}],"author":[{"embeddable":true,"href":"https:\/\/tvtecjundiai.com.br\/news\/wp-json\/wp\/v2\/users\/27"}],"replies":[{"embeddable":true,"href":"https:\/\/tvtecjundiai.com.br\/news\/wp-json\/wp\/v2\/comments?post=81774"}],"version-history":[{"count":1,"href":"https:\/\/tvtecjundiai.com.br\/news\/wp-json\/wp\/v2\/posts\/81774\/revisions"}],"predecessor-version":[{"id":81777,"href":"https:\/\/tvtecjundiai.com.br\/news\/wp-json\/wp\/v2\/posts\/81774\/revisions\/81777"}],"wp:featuredmedia":[{"embeddable":true,"href":"https:\/\/tvtecjundiai.com.br\/news\/wp-json\/wp\/v2\/media\/81776"}],"wp:attachment":[{"href":"https:\/\/tvtecjundiai.com.br\/news\/wp-json\/wp\/v2\/media?parent=81774"}],"wp:term":[{"taxonomy":"category","embeddable":true,"href":"https:\/\/tvtecjundiai.com.br\/news\/wp-json\/wp\/v2\/categories?post=81774"},{"taxonomy":"post_tag","embeddable":true,"href":"https:\/\/tvtecjundiai.com.br\/news\/wp-json\/wp\/v2\/tags?post=81774"}],"curies":[{"name":"wp","href":"https:\/\/api.w.org\/{rel}","templated":true}]}}