{"id":81786,"date":"2021-09-03T16:26:39","date_gmt":"2021-09-03T19:26:39","guid":{"rendered":"https:\/\/tvtecjundiai.com.br\/news\/?p=81786"},"modified":"2021-09-03T16:26:45","modified_gmt":"2021-09-03T19:26:45","slug":"educacao-e-saude-apresentam-o-boletim-epidemiologico-nas-escolas-municipais-2","status":"publish","type":"post","link":"https:\/\/tvtecjundiai.com.br\/news\/2021\/09\/03\/educacao-e-saude-apresentam-o-boletim-epidemiologico-nas-escolas-municipais-2\/","title":{"rendered":"Educa\u00e7\u00e3o e Sa\u00fade apresentam o boletim epidemiol\u00f3gico nas escolas municipais"},"content":{"rendered":"\n<p>Com o objetivo de manter a transpar\u00eancia das informa\u00e7\u00f5es, a Vigil\u00e2ncia Epidemiol\u00f3gica e a Unidade de Gest\u00e3o de Educa\u00e7\u00e3o promovem o monitoramento da situa\u00e7\u00e3o epidemiol\u00f3gica referente \u00e0 COVID-19 nas escolas da rede municipal de ensino de por meio do APP Educa\u00e7\u00e3o Jundia\u00ed.&nbsp;<\/p>\n\n\n\n<p>Todas as unidades escolares seguem as orienta\u00e7\u00f5es do Comit\u00ea de Enfrentamento ao Coronav\u00edrus, com higieniza\u00e7\u00e3o dos ambientes, disponibiliza\u00e7\u00e3o de \u00e1lcool em gel e uso de m\u00e1scara.<\/p>\n\n\n\n<p>Confira as informa\u00e7\u00f5es no per\u00edodo de 26 de agosto a 01 de setembro:<\/p>\n\n\n\n<figure class=\"wp-block-image\"><img decoding=\"async\" src=\"https:\/\/jundiai.sp.gov.br\/noticias\/wp-content\/uploads\/sites\/32\/2021\/09\/boletim-educacao_26-de-agosto-a-1-de-setembro-960x960.png\" alt=\"\" class=\"wp-image-275554\" \/><\/figure>\n\n\n\n<p><em><strong>(Fonte\/Imagem: Prefeitura de Jundia\u00ed)<\/strong><\/em><\/p>\n","protected":false},"excerpt":{"rendered":"<p>Confira as informa\u00e7\u00f5es no per\u00edodo de 26 de agosto a 01 de setembro.<\/p>\n","protected":false},"author":27,"featured_media":81787,"comment_status":"closed","ping_status":"closed","sticky":false,"template":"","format":"standard","meta":{"footnotes":""},"categories":[8356],"tags":[],"class_list":["post-81786","post","type-post","status-publish","format-standard","has-post-thumbnail","hentry","category-jundiai"],"_links":{"self":[{"href":"https:\/\/tvtecjundiai.com.br\/news\/wp-json\/wp\/v2\/posts\/81786","targetHints":{"allow":["GET"]}}],"collection":[{"href":"https:\/\/tvtecjundiai.com.br\/news\/wp-json\/wp\/v2\/posts"}],"about":[{"href":"https:\/\/tvtecjundiai.com.br\/news\/wp-json\/wp\/v2\/types\/post"}],"author":[{"embeddable":true,"href":"https:\/\/tvtecjundiai.com.br\/news\/wp-json\/wp\/v2\/users\/27"}],"replies":[{"embeddable":true,"href":"https:\/\/tvtecjundiai.com.br\/news\/wp-json\/wp\/v2\/comments?post=81786"}],"version-history":[{"count":1,"href":"https:\/\/tvtecjundiai.com.br\/news\/wp-json\/wp\/v2\/posts\/81786\/revisions"}],"predecessor-version":[{"id":81788,"href":"https:\/\/tvtecjundiai.com.br\/news\/wp-json\/wp\/v2\/posts\/81786\/revisions\/81788"}],"wp:featuredmedia":[{"embeddable":true,"href":"https:\/\/tvtecjundiai.com.br\/news\/wp-json\/wp\/v2\/media\/81787"}],"wp:attachment":[{"href":"https:\/\/tvtecjundiai.com.br\/news\/wp-json\/wp\/v2\/media?parent=81786"}],"wp:term":[{"taxonomy":"category","embeddable":true,"href":"https:\/\/tvtecjundiai.com.br\/news\/wp-json\/wp\/v2\/categories?post=81786"},{"taxonomy":"post_tag","embeddable":true,"href":"https:\/\/tvtecjundiai.com.br\/news\/wp-json\/wp\/v2\/tags?post=81786"}],"curies":[{"name":"wp","href":"https:\/\/api.w.org\/{rel}","templated":true}]}}