{"id":81833,"date":"2021-09-04T10:19:45","date_gmt":"2021-09-04T13:19:45","guid":{"rendered":"https:\/\/tvtecjundiai.com.br\/news\/?p=81833"},"modified":"2021-09-04T10:39:25","modified_gmt":"2021-09-04T13:39:25","slug":"thomaz-de-moraes-conquista-a-prata-nas-paralimpiadas-de-2020","status":"publish","type":"post","link":"https:\/\/tvtecjundiai.com.br\/news\/2021\/09\/04\/thomaz-de-moraes-conquista-a-prata-nas-paralimpiadas-de-2020\/","title":{"rendered":"Thomaz de Moraes conquista a prata nas Paralimp\u00edadas"},"content":{"rendered":"\n<p>Uma prova espetacular terminou com prata e bronze para o Brasil no atletismo paral\u00edmpico. O jundiaiense Thomaz de Moraes fez a melhor marca da vida, e o brasileiro Petrucio Ferreira alcan\u00e7ou o melhor dele na temporada (47s87 e 48s04, respectivamente), selando o p\u00f3dio duplo nos 400m da classe T47, para atletas com defici\u00eancias nos membros superiores.<\/p>\n\n\n\n<p>O ouro ficou com o marroquino Ayoub Sadni, que havia liderado as classificat\u00f3rias e quebrou o recorde mundial com 47s38.<\/p>\n\n\n\n<div class=\"wp-block-image\"><figure class=\"aligncenter size-large is-resized\"><img loading=\"lazy\" decoding=\"async\" src=\"https:\/\/tvtecjundiai.com.br\/news\/wp-content\/uploads\/sites\/2\/2021\/09\/WhatsApp-Image-2021-09-04-at-10.20.30-977x960.jpeg\" alt=\"\" class=\"wp-image-81836\" width=\"642\" height=\"631\" \/><\/figure><\/div>\n\n\n\n<p>A final come\u00e7ou a se desenhar ainda na fase classificat\u00f3ria. O mais veloz nela foi o marroquino Ayoub Sadni, que completou a volta em 47s82, melhor marca da vida dele. Petrucio foi o segundo na bateria, com 49s76, e tamb\u00e9m se classificou diretamente. Lucas Lima chegou em quinto nesta tomada, mas passou por tempo com 50s31. A segunda bateria foi um pouco mais fraca, e Thomaz de Moraes liderou tranquilo, sendo o \u00fanico a completar a volta abaixo dos 50 segundos: cravou 49s95.<\/p>\n\n\n\n<p><strong>Texto: Portal JJ \/ Foto: Arquivo Pessoal<\/strong><\/p>\n","protected":false},"excerpt":{"rendered":"<p>Atleta do Peama, ele conquistou a 2\u00aa coloca\u00e7\u00e3o dos 400m rasos, na classe T47<\/p>\n","protected":false},"author":19,"featured_media":81836,"comment_status":"closed","ping_status":"closed","sticky":false,"template":"","format":"standard","meta":{"footnotes":""},"categories":[29,1],"tags":[],"class_list":["post-81833","post","type-post","status-publish","format-standard","has-post-thumbnail","hentry","category-destaque","category-noticias"],"_links":{"self":[{"href":"https:\/\/tvtecjundiai.com.br\/news\/wp-json\/wp\/v2\/posts\/81833","targetHints":{"allow":["GET"]}}],"collection":[{"href":"https:\/\/tvtecjundiai.com.br\/news\/wp-json\/wp\/v2\/posts"}],"about":[{"href":"https:\/\/tvtecjundiai.com.br\/news\/wp-json\/wp\/v2\/types\/post"}],"author":[{"embeddable":true,"href":"https:\/\/tvtecjundiai.com.br\/news\/wp-json\/wp\/v2\/users\/19"}],"replies":[{"embeddable":true,"href":"https:\/\/tvtecjundiai.com.br\/news\/wp-json\/wp\/v2\/comments?post=81833"}],"version-history":[{"count":4,"href":"https:\/\/tvtecjundiai.com.br\/news\/wp-json\/wp\/v2\/posts\/81833\/revisions"}],"predecessor-version":[{"id":81842,"href":"https:\/\/tvtecjundiai.com.br\/news\/wp-json\/wp\/v2\/posts\/81833\/revisions\/81842"}],"wp:featuredmedia":[{"embeddable":true,"href":"https:\/\/tvtecjundiai.com.br\/news\/wp-json\/wp\/v2\/media\/81836"}],"wp:attachment":[{"href":"https:\/\/tvtecjundiai.com.br\/news\/wp-json\/wp\/v2\/media?parent=81833"}],"wp:term":[{"taxonomy":"category","embeddable":true,"href":"https:\/\/tvtecjundiai.com.br\/news\/wp-json\/wp\/v2\/categories?post=81833"},{"taxonomy":"post_tag","embeddable":true,"href":"https:\/\/tvtecjundiai.com.br\/news\/wp-json\/wp\/v2\/tags?post=81833"}],"curies":[{"name":"wp","href":"https:\/\/api.w.org\/{rel}","templated":true}]}}