{"id":81843,"date":"2021-09-04T13:58:30","date_gmt":"2021-09-04T16:58:30","guid":{"rendered":"https:\/\/tvtecjundiai.com.br\/news\/?p=81843"},"modified":"2021-09-04T13:58:36","modified_gmt":"2021-09-04T16:58:36","slug":"equipes-da-guarda-municipal-de-jundiai-e-corpo-de-bombeiros-tentam-conter-incendio-na-serra-do-japi","status":"publish","type":"post","link":"https:\/\/tvtecjundiai.com.br\/news\/2021\/09\/04\/equipes-da-guarda-municipal-de-jundiai-e-corpo-de-bombeiros-tentam-conter-incendio-na-serra-do-japi\/","title":{"rendered":"Equipes da Guarda Municipal de Jundia\u00ed e Corpo de Bombeiros tentam conter inc\u00eandio na Serra do Japi"},"content":{"rendered":"\n<p>Desde a manh\u00e3 deste s\u00e1bado (04), equipes da Divis\u00e3o Florestal da Guarda Municipal de Jundia\u00ed (GMJ) tentam combater um inc\u00eandio que atingiu uma \u00e1rea de pastagem e mata nativa. A \u00e1rea vai desde atr\u00e1s da Faculdade Anchieta at\u00e9 pr\u00f3ximo ao bairro da Malota.<\/p>\n\n\n\n<p>O local \u00e9 de dif\u00edcil acesso e, para tentar conter o fogo, bombas constais e abafadores est\u00e3o sendo utilizados onde o caminh\u00e3o pipa n\u00e3o consegue chegar.<\/p>\n\n\n\n<p>Equipes do Corpo de Bombeiros est\u00e3o trabalhando em conjunto com a GMJ. Ainda n\u00e3o como estimar a dimens\u00e3o da \u00e1rea atingida.<\/p>\n\n\n\n<figure class=\"wp-block-image size-large\"><img loading=\"lazy\" decoding=\"async\" width=\"1200\" height=\"622\" src=\"https:\/\/tvtecjundiai.com.br\/news\/wp-content\/uploads\/sites\/2\/2021\/09\/0E3B8DC1-9CC1-413B-8622-384C6C85D403-1200x622.jpeg\" alt=\"\" class=\"wp-image-81844\" srcset=\"https:\/\/tvtecjundiai.com.br\/news\/wp-content\/uploads\/sites\/2\/2021\/09\/0E3B8DC1-9CC1-413B-8622-384C6C85D403-1200x622.jpeg 1200w, https:\/\/tvtecjundiai.com.br\/news\/wp-content\/uploads\/sites\/2\/2021\/09\/0E3B8DC1-9CC1-413B-8622-384C6C85D403-300x155.jpeg 300w, https:\/\/tvtecjundiai.com.br\/news\/wp-content\/uploads\/sites\/2\/2021\/09\/0E3B8DC1-9CC1-413B-8622-384C6C85D403-768x398.jpeg 768w, https:\/\/tvtecjundiai.com.br\/news\/wp-content\/uploads\/sites\/2\/2021\/09\/0E3B8DC1-9CC1-413B-8622-384C6C85D403.jpeg 1280w\" sizes=\"auto, (max-width: 1200px) 100vw, 1200px\" \/><\/figure>\n","protected":false},"excerpt":{"rendered":"<p>Ainda n\u00e3o h\u00e1 como estimar a dimens\u00e3o da \u00e1rea atingida.<\/p>\n","protected":false},"author":25,"featured_media":81844,"comment_status":"closed","ping_status":"closed","sticky":false,"template":"","format":"standard","meta":{"footnotes":""},"categories":[3569,1],"tags":[],"class_list":["post-81843","post","type-post","status-publish","format-standard","has-post-thumbnail","hentry","category-meio-ambiente","category-noticias"],"_links":{"self":[{"href":"https:\/\/tvtecjundiai.com.br\/news\/wp-json\/wp\/v2\/posts\/81843","targetHints":{"allow":["GET"]}}],"collection":[{"href":"https:\/\/tvtecjundiai.com.br\/news\/wp-json\/wp\/v2\/posts"}],"about":[{"href":"https:\/\/tvtecjundiai.com.br\/news\/wp-json\/wp\/v2\/types\/post"}],"author":[{"embeddable":true,"href":"https:\/\/tvtecjundiai.com.br\/news\/wp-json\/wp\/v2\/users\/25"}],"replies":[{"embeddable":true,"href":"https:\/\/tvtecjundiai.com.br\/news\/wp-json\/wp\/v2\/comments?post=81843"}],"version-history":[{"count":1,"href":"https:\/\/tvtecjundiai.com.br\/news\/wp-json\/wp\/v2\/posts\/81843\/revisions"}],"predecessor-version":[{"id":81845,"href":"https:\/\/tvtecjundiai.com.br\/news\/wp-json\/wp\/v2\/posts\/81843\/revisions\/81845"}],"wp:featuredmedia":[{"embeddable":true,"href":"https:\/\/tvtecjundiai.com.br\/news\/wp-json\/wp\/v2\/media\/81844"}],"wp:attachment":[{"href":"https:\/\/tvtecjundiai.com.br\/news\/wp-json\/wp\/v2\/media?parent=81843"}],"wp:term":[{"taxonomy":"category","embeddable":true,"href":"https:\/\/tvtecjundiai.com.br\/news\/wp-json\/wp\/v2\/categories?post=81843"},{"taxonomy":"post_tag","embeddable":true,"href":"https:\/\/tvtecjundiai.com.br\/news\/wp-json\/wp\/v2\/tags?post=81843"}],"curies":[{"name":"wp","href":"https:\/\/api.w.org\/{rel}","templated":true}]}}