{"id":81852,"date":"2021-09-04T16:23:16","date_gmt":"2021-09-04T19:23:16","guid":{"rendered":"https:\/\/tvtecjundiai.com.br\/news\/?p=81852"},"modified":"2021-09-04T16:23:19","modified_gmt":"2021-09-04T19:23:19","slug":"saude-apresenta-modelo-da-nova-ubs-aos-moradores-do-santa-gertrudes","status":"publish","type":"post","link":"https:\/\/tvtecjundiai.com.br\/news\/2021\/09\/04\/saude-apresenta-modelo-da-nova-ubs-aos-moradores-do-santa-gertrudes\/","title":{"rendered":"Sa\u00fade apresenta modelo da Nova UBS aos moradores do Santa Gertrudes"},"content":{"rendered":"\n<p>Na \u00faltima sexta-feira (03), a equipe da Unidade de Gest\u00e3o de Promo\u00e7\u00e3o da Sa\u00fade fez uma visita de acompanhamento \u00e0s obras da Nova UBS Santa Gertrudes e realizou reuni\u00e3o com moradores do bairro para apresentar o modelo avan\u00e7ado do equipamento.&nbsp;<\/p>\n\n\n\n<p>O gestor de Sa\u00fade, Tiago Texera,&nbsp; participou do encontro e explicou sobre o novo modelo assistencial. \u201cA UBS vai contar com toda a estrutura f\u00edsica j\u00e1 aplicada nas novas UBS e ainda Guardi\u00e3o da Sa\u00fade, que \u00e9 um totem automatizado que registra o feedback dos pacientes atendidos na unidade. J\u00e1 ampliamos em 40 horas m\u00e9dicas&nbsp; semanais e vamos aumentar em mais 40 at\u00e9 o fim do ano, ao todo, ser\u00e3o mais 80 horas m\u00e9dicas semanais. A UBS ainda vai contar com quatro equipes completas de estrat\u00e9gia da sa\u00fade completa e o modelo de atendimento de acesso avan\u00e7ado, o mesmo j\u00e1 implantado na Cl\u00ednica da Fam\u00edlia do Vetor Oeste, o que diminui o tempo de espera do mun\u00edcipe\u201d.<\/p>\n\n\n\n<figure class=\"wp-block-image\"><img decoding=\"async\" src=\"https:\/\/jundiai.sp.gov.br\/noticias\/wp-content\/uploads\/sites\/32\/2021\/09\/7ef658cd-ae6b-49c4-b720-c82be44793b3.jpeg\" alt=\"\" class=\"wp-image-275805\" \/><figcaption>Moradores conheceram o novo modelo da UBS<\/figcaption><\/figure>\n\n\n\n<p>A Nova UBS Santa Gertrudes contar\u00e1 com quatro novos banheiros, sendo dois para funcion\u00e1rios e dois para pacientes. Sala de ger\u00eancia, agentes e reuni\u00f5es, um almoxarifado, tr\u00eas consult\u00f3rios, sala de curativos e vacinas, sala de espera com 80 lugares e cobertura para ambul\u00e2ncias. Al\u00e9m da ferramenta Guardi\u00e3o da Sa\u00fade, tamb\u00e9m estar\u00e1 dispon\u00edvel o Posso Ajudar, com um atendente qualificado que ajuda a sanar todas as d\u00favidas tamb\u00e9m dos pacientes.&nbsp;<\/p>\n\n\n\n<p>Com previs\u00e3o de entrega para o final deste ano, a Nova UBS Santa Gertrudes tem investimento de R$ 910.662,84.<\/p>\n\n\n\n<p><strong>Prefeitura de Jundia\u00ed<br>Fotos: Divulga\u00e7\u00e3o<\/strong><\/p>\n","protected":false},"excerpt":{"rendered":"<p>O gestor Tiago Texera explicou sobre o novo modelo assistencial.<\/p>\n","protected":false},"author":19,"featured_media":81854,"comment_status":"closed","ping_status":"closed","sticky":false,"template":"","format":"standard","meta":{"footnotes":""},"categories":[1],"tags":[],"class_list":["post-81852","post","type-post","status-publish","format-standard","has-post-thumbnail","hentry","category-noticias"],"_links":{"self":[{"href":"https:\/\/tvtecjundiai.com.br\/news\/wp-json\/wp\/v2\/posts\/81852","targetHints":{"allow":["GET"]}}],"collection":[{"href":"https:\/\/tvtecjundiai.com.br\/news\/wp-json\/wp\/v2\/posts"}],"about":[{"href":"https:\/\/tvtecjundiai.com.br\/news\/wp-json\/wp\/v2\/types\/post"}],"author":[{"embeddable":true,"href":"https:\/\/tvtecjundiai.com.br\/news\/wp-json\/wp\/v2\/users\/19"}],"replies":[{"embeddable":true,"href":"https:\/\/tvtecjundiai.com.br\/news\/wp-json\/wp\/v2\/comments?post=81852"}],"version-history":[{"count":1,"href":"https:\/\/tvtecjundiai.com.br\/news\/wp-json\/wp\/v2\/posts\/81852\/revisions"}],"predecessor-version":[{"id":81855,"href":"https:\/\/tvtecjundiai.com.br\/news\/wp-json\/wp\/v2\/posts\/81852\/revisions\/81855"}],"wp:featuredmedia":[{"embeddable":true,"href":"https:\/\/tvtecjundiai.com.br\/news\/wp-json\/wp\/v2\/media\/81854"}],"wp:attachment":[{"href":"https:\/\/tvtecjundiai.com.br\/news\/wp-json\/wp\/v2\/media?parent=81852"}],"wp:term":[{"taxonomy":"category","embeddable":true,"href":"https:\/\/tvtecjundiai.com.br\/news\/wp-json\/wp\/v2\/categories?post=81852"},{"taxonomy":"post_tag","embeddable":true,"href":"https:\/\/tvtecjundiai.com.br\/news\/wp-json\/wp\/v2\/tags?post=81852"}],"curies":[{"name":"wp","href":"https:\/\/api.w.org\/{rel}","templated":true}]}}