{"id":81856,"date":"2021-09-04T16:54:40","date_gmt":"2021-09-04T19:54:40","guid":{"rendered":"https:\/\/tvtecjundiai.com.br\/news\/?p=81856"},"modified":"2021-09-04T16:57:21","modified_gmt":"2021-09-04T19:57:21","slug":"jundiai-registra-um-obito-causado-pela-covid-19-neste-sabado-04","status":"publish","type":"post","link":"https:\/\/tvtecjundiai.com.br\/news\/2021\/09\/04\/jundiai-registra-um-obito-causado-pela-covid-19-neste-sabado-04\/","title":{"rendered":"Jundia\u00ed registra um \u00f3bito causado pela Covid-19 neste s\u00e1bado (04)"},"content":{"rendered":"\n<p>A Prefeitura de Jundia\u00ed informa que, neste s\u00e1bado (04), recebemos uma notifica\u00e7\u00e3o de \u00f3bito de residentes na cidade causados pelo Novo Coronav\u00edrus, at\u00e9 o fechamento deste boletim.<\/p>\n\n\n\n<p>Homem, 74 anos, portador de doen\u00e7a cardiovascular cr\u00f4nica. Internou 27\/08 e faleceu 03\/09 no Hospital S\u00e3o Vicente.<\/p>\n\n\n\n<p>At\u00e9 o momento, a cidade registra 1.562 \u00f3bitos causados pela COVID-19 desde o in\u00edcio da pandemia.<\/p>\n\n\n\n<figure class=\"wp-block-image is-resized\"><img loading=\"lazy\" decoding=\"async\" src=\"https:\/\/jundiai.sp.gov.br\/noticias\/wp-content\/uploads\/sites\/32\/2021\/09\/4884c080-640a-43cd-be0a-794697ef5757-963x960.jpeg\" alt=\"\" class=\"wp-image-275807\" width=\"729\" height=\"726\" \/><\/figure>\n\n\n\n<figure class=\"wp-block-image is-resized\"><img loading=\"lazy\" decoding=\"async\" src=\"https:\/\/jundiai.sp.gov.br\/noticias\/wp-content\/uploads\/sites\/32\/2021\/09\/1df2b3ab-72b3-448a-8f7d-48d0f5a8695a-962x960.jpeg\" alt=\"\" class=\"wp-image-275808\" width=\"727\" height=\"725\" \/><\/figure>\n\n\n\n<p><strong>Prefeitura de Jundia\u00ed<\/strong><\/p>\n","protected":false},"excerpt":{"rendered":"<p>94 novos casos da doen\u00e7a foram confirmados na cidade<\/p>\n","protected":false},"author":19,"featured_media":54165,"comment_status":"closed","ping_status":"closed","sticky":false,"template":"","format":"standard","meta":{"footnotes":""},"categories":[29,1],"tags":[],"class_list":["post-81856","post","type-post","status-publish","format-standard","has-post-thumbnail","hentry","category-destaque","category-noticias"],"_links":{"self":[{"href":"https:\/\/tvtecjundiai.com.br\/news\/wp-json\/wp\/v2\/posts\/81856","targetHints":{"allow":["GET"]}}],"collection":[{"href":"https:\/\/tvtecjundiai.com.br\/news\/wp-json\/wp\/v2\/posts"}],"about":[{"href":"https:\/\/tvtecjundiai.com.br\/news\/wp-json\/wp\/v2\/types\/post"}],"author":[{"embeddable":true,"href":"https:\/\/tvtecjundiai.com.br\/news\/wp-json\/wp\/v2\/users\/19"}],"replies":[{"embeddable":true,"href":"https:\/\/tvtecjundiai.com.br\/news\/wp-json\/wp\/v2\/comments?post=81856"}],"version-history":[{"count":2,"href":"https:\/\/tvtecjundiai.com.br\/news\/wp-json\/wp\/v2\/posts\/81856\/revisions"}],"predecessor-version":[{"id":81859,"href":"https:\/\/tvtecjundiai.com.br\/news\/wp-json\/wp\/v2\/posts\/81856\/revisions\/81859"}],"wp:featuredmedia":[{"embeddable":true,"href":"https:\/\/tvtecjundiai.com.br\/news\/wp-json\/wp\/v2\/media\/54165"}],"wp:attachment":[{"href":"https:\/\/tvtecjundiai.com.br\/news\/wp-json\/wp\/v2\/media?parent=81856"}],"wp:term":[{"taxonomy":"category","embeddable":true,"href":"https:\/\/tvtecjundiai.com.br\/news\/wp-json\/wp\/v2\/categories?post=81856"},{"taxonomy":"post_tag","embeddable":true,"href":"https:\/\/tvtecjundiai.com.br\/news\/wp-json\/wp\/v2\/tags?post=81856"}],"curies":[{"name":"wp","href":"https:\/\/api.w.org\/{rel}","templated":true}]}}