{"id":81872,"date":"2021-09-05T12:47:14","date_gmt":"2021-09-05T15:47:14","guid":{"rendered":"https:\/\/tvtecjundiai.com.br\/news\/?p=81872"},"modified":"2021-09-05T12:54:35","modified_gmt":"2021-09-05T15:54:35","slug":"prefeitura-informa-que-as-vacinas-suspensas-para-uso-ficarao-em-estoque","status":"publish","type":"post","link":"https:\/\/tvtecjundiai.com.br\/news\/2021\/09\/05\/prefeitura-informa-que-as-vacinas-suspensas-para-uso-ficarao-em-estoque\/","title":{"rendered":"Prefeitura diz que vacinas suspensas para uso ficar\u00e3o em estoque"},"content":{"rendered":"\n<p>A Prefeitura de Jundia\u00ed,&nbsp; por meio da Unidade de Gest\u00e3o de Promo\u00e7\u00e3o da Sa\u00fade (UGPS), informa que a cidade recebeu do Programa Nacional de Imuniza\u00e7\u00e3o (PNI), no dia 15 de julho, 24.180 doses de vacinas Coronavac provenientes do lote J202106033 e, em 2 de agosto, 11.550 doses do lote J202106039 que tiveram o uso suspenso pela Anvisa, no s\u00e1bado (4). Desse quantitativo, 30.582 foram aplicadas na cidade, restando 5.148 em estoque, que ser\u00e1 armazenado no aguardo de novas orienta\u00e7\u00f5es dos \u00f3rg\u00e3os respons\u00e1veis.&nbsp;<\/p>\n\n\n\n<p>A suspens\u00e3o n\u00e3o afetar\u00e1 a vacina\u00e7\u00e3o realizada na cidade, que tem aplica\u00e7\u00f5es determinadas para a pr\u00f3xima ter\u00e7a-feira (7), em segunda dose.<\/p>\n\n\n\n<p><strong>Preventivo<\/strong><\/p>\n\n\n\n<p>A medida,\u00a0 segundo os \u00f3rg\u00e3os respons\u00e1veis pela distribui\u00e7\u00e3o e fabrica\u00e7\u00e3o,\u00a0 \u00e9 preventiva,\u00a0 j\u00e1 que o imunizante \u00e9 seguro e atestado pela\u00a0 Anvisa e Organiza\u00e7\u00e3o Mundial da Sa\u00fade (OMS). Ainda segundo nota do Instituto Butantan, foi o pr\u00f3prio Instituto que, por compromisso com a transpar\u00eancia e por extrema precau\u00e7\u00e3o, comunicou o fato (envase realizado em unidade Sinovac n\u00e3o vistoriada pela Anvisa) \u00e0 ag\u00eancia, ap\u00f3s atestar a qualidade das doses recebidas. Isso garante que os imunizantes s\u00e3o seguros para a popula\u00e7\u00e3o.<\/p>\n\n\n\n<p>Em Jundia\u00ed,&nbsp; assim como estabelece o Programa Estadual de Imuniza\u00e7\u00e3o (PEI), todas as aplica\u00e7\u00f5es s\u00e3o monitoradas e registradas em sistema. A qualquer ocorr\u00eancia adversa,&nbsp; a popula\u00e7\u00e3o deve procurar qualquer equipamento de Sa\u00fade, seja Unidade B\u00e1sica de Sa\u00fade ou servi\u00e7o de Urg\u00eancia e Emerg\u00eancia, mais pr\u00f3ximo para registro da ocorr\u00eancia e cuidado necess\u00e1rio.&nbsp; Vale lembrar que, at\u00e9 o momento,&nbsp; n\u00e3o h\u00e1 registro de ocorr\u00eancia adversa em pessoas que tenham recebido as doses dos lotes suspensos preventivamente.<\/p>\n\n\n\n<p><strong>Prefeitura de Jundia\u00ed<\/strong> <\/p>\n\n\n\n<p><strong>Foto: Arquivo<\/strong><\/p>\n","protected":false},"excerpt":{"rendered":"<p>A suspens\u00e3o foi feita pela Anvisa e n\u00e3o afetar\u00e1 a vacina\u00e7\u00e3o na cidade.  <\/p>\n","protected":false},"author":19,"featured_media":81763,"comment_status":"closed","ping_status":"closed","sticky":false,"template":"","format":"standard","meta":{"footnotes":""},"categories":[29,1],"tags":[],"class_list":["post-81872","post","type-post","status-publish","format-standard","has-post-thumbnail","hentry","category-destaque","category-noticias"],"_links":{"self":[{"href":"https:\/\/tvtecjundiai.com.br\/news\/wp-json\/wp\/v2\/posts\/81872","targetHints":{"allow":["GET"]}}],"collection":[{"href":"https:\/\/tvtecjundiai.com.br\/news\/wp-json\/wp\/v2\/posts"}],"about":[{"href":"https:\/\/tvtecjundiai.com.br\/news\/wp-json\/wp\/v2\/types\/post"}],"author":[{"embeddable":true,"href":"https:\/\/tvtecjundiai.com.br\/news\/wp-json\/wp\/v2\/users\/19"}],"replies":[{"embeddable":true,"href":"https:\/\/tvtecjundiai.com.br\/news\/wp-json\/wp\/v2\/comments?post=81872"}],"version-history":[{"count":6,"href":"https:\/\/tvtecjundiai.com.br\/news\/wp-json\/wp\/v2\/posts\/81872\/revisions"}],"predecessor-version":[{"id":81879,"href":"https:\/\/tvtecjundiai.com.br\/news\/wp-json\/wp\/v2\/posts\/81872\/revisions\/81879"}],"wp:featuredmedia":[{"embeddable":true,"href":"https:\/\/tvtecjundiai.com.br\/news\/wp-json\/wp\/v2\/media\/81763"}],"wp:attachment":[{"href":"https:\/\/tvtecjundiai.com.br\/news\/wp-json\/wp\/v2\/media?parent=81872"}],"wp:term":[{"taxonomy":"category","embeddable":true,"href":"https:\/\/tvtecjundiai.com.br\/news\/wp-json\/wp\/v2\/categories?post=81872"},{"taxonomy":"post_tag","embeddable":true,"href":"https:\/\/tvtecjundiai.com.br\/news\/wp-json\/wp\/v2\/tags?post=81872"}],"curies":[{"name":"wp","href":"https:\/\/api.w.org\/{rel}","templated":true}]}}