{"id":81946,"date":"2021-09-08T13:56:34","date_gmt":"2021-09-08T16:56:34","guid":{"rendered":"https:\/\/tvtecjundiai.com.br\/news\/?p=81946"},"modified":"2021-09-08T13:56:42","modified_gmt":"2021-09-08T16:56:42","slug":"sebrae-aqui-jundiai-inicia-atividades-na-unianchieta","status":"publish","type":"post","link":"https:\/\/tvtecjundiai.com.br\/news\/2021\/09\/08\/sebrae-aqui-jundiai-inicia-atividades-na-unianchieta\/","title":{"rendered":"Sebrae Aqui Jundia\u00ed inicia atividades na Unianchieta"},"content":{"rendered":"\n<p>O canal de atendimento e orienta\u00e7\u00e3o presencial do Sebrae Aqui em Jundia\u00ed, em parceria com a Unianchieta, iniciou suas atividades nesta quarta-feira (8). A cerim\u00f4nia de inaugura\u00e7\u00e3o aconteceu pela manh\u00e3 e o gestor de Desenvolvimento Econ\u00f4mico, Ci\u00eancia e Tecnologia, Cristiano Lopes representou o prefeito Luiz Fernando Machado na ocasi\u00e3o.<\/p>\n\n\n\n<p>\u201cInstalar uma unidade do Sebrae Aqui em uma institui\u00e7\u00e3o e ensino \u00e9 muito importante para ajudar e incentivar os alunos e quem procurar o agente aqui a ter seu pr\u00f3prio neg\u00f3cio. Dos 51 mil CNPJs abertos na Prefeitura, 35% s\u00e3o MEis, \u00e9 um volume muito alto e sinaliza a import\u00e2ncia de investir na capacita\u00e7\u00e3o e em dar oportunidade para os jovens. Damos um passo muito importante que contribuir\u00e1 para o desenvolvimento de micro e pequenas empresas, al\u00e9m de experi\u00eancias aos alunos\u201d, explica Cristiano Lopes.<\/p>\n\n\n\n<p>O canal contar\u00e1 com a agente de atendimento, Monique Rodrigues, e tamb\u00e9m ter\u00e1 espa\u00e7o para atendimentos coletivos presenciais e on-line, como palestras, oficinas e cursos para atender as necessidades dos empreendedores empreendedoras do munic\u00edpio, al\u00e9m de alunos do Unianchieta interessados em abrir o pr\u00f3prio neg\u00f3cio em suas \u00e1reas de forma\u00e7\u00e3o.<\/p>\n\n\n\n<figure class=\"wp-block-image\"><img decoding=\"async\" src=\"https:\/\/jundiai.sp.gov.br\/noticias\/wp-content\/uploads\/sites\/32\/2021\/09\/ugdect-sebrae1_.jpg\" alt=\"\" class=\"wp-image-275872\" \/><figcaption>Escrit\u00f3rio atender\u00e1 demandas de micro e pequenos empreendedores<\/figcaption><\/figure>\n\n\n\n<p>De acordo com o gerente regional do Sebrae-SP Marcelo Paranzini, a presen\u00e7a do Sebrae Aqui na cidade colabora para o desenvolvimento econ\u00f4mico de Jundia\u00ed e regi\u00e3o. \u201cO objetivo \u00e9 promover a competitividade, desenvolvimento e melhoria do ambiente para os pequenos neg\u00f3cios, contribuindo para a economia local e o fomento do empreendedorismo, que vai resultar na gera\u00e7\u00e3o de emprego e aumento da renda\u201d, explica.<\/p>\n\n\n\n<p><em><strong>(Fonte\/Imagem: Prefeitura de Jundia\u00ed)<\/strong><\/em><\/p>\n","protected":false},"excerpt":{"rendered":"<p>A presen\u00e7a do Sebrae Aqui na cidade colabora para o desenvolvimento econ\u00f4mico de Jundia\u00ed e regi\u00e3o.<\/p>\n","protected":false},"author":27,"featured_media":81947,"comment_status":"closed","ping_status":"closed","sticky":false,"template":"","format":"standard","meta":{"footnotes":""},"categories":[8356],"tags":[],"class_list":["post-81946","post","type-post","status-publish","format-standard","has-post-thumbnail","hentry","category-jundiai"],"_links":{"self":[{"href":"https:\/\/tvtecjundiai.com.br\/news\/wp-json\/wp\/v2\/posts\/81946","targetHints":{"allow":["GET"]}}],"collection":[{"href":"https:\/\/tvtecjundiai.com.br\/news\/wp-json\/wp\/v2\/posts"}],"about":[{"href":"https:\/\/tvtecjundiai.com.br\/news\/wp-json\/wp\/v2\/types\/post"}],"author":[{"embeddable":true,"href":"https:\/\/tvtecjundiai.com.br\/news\/wp-json\/wp\/v2\/users\/27"}],"replies":[{"embeddable":true,"href":"https:\/\/tvtecjundiai.com.br\/news\/wp-json\/wp\/v2\/comments?post=81946"}],"version-history":[{"count":1,"href":"https:\/\/tvtecjundiai.com.br\/news\/wp-json\/wp\/v2\/posts\/81946\/revisions"}],"predecessor-version":[{"id":81948,"href":"https:\/\/tvtecjundiai.com.br\/news\/wp-json\/wp\/v2\/posts\/81946\/revisions\/81948"}],"wp:featuredmedia":[{"embeddable":true,"href":"https:\/\/tvtecjundiai.com.br\/news\/wp-json\/wp\/v2\/media\/81947"}],"wp:attachment":[{"href":"https:\/\/tvtecjundiai.com.br\/news\/wp-json\/wp\/v2\/media?parent=81946"}],"wp:term":[{"taxonomy":"category","embeddable":true,"href":"https:\/\/tvtecjundiai.com.br\/news\/wp-json\/wp\/v2\/categories?post=81946"},{"taxonomy":"post_tag","embeddable":true,"href":"https:\/\/tvtecjundiai.com.br\/news\/wp-json\/wp\/v2\/tags?post=81946"}],"curies":[{"name":"wp","href":"https:\/\/api.w.org\/{rel}","templated":true}]}}