{"id":81949,"date":"2021-09-08T14:00:21","date_gmt":"2021-09-08T17:00:21","guid":{"rendered":"https:\/\/tvtecjundiai.com.br\/news\/?p=81949"},"modified":"2021-09-08T14:00:32","modified_gmt":"2021-09-08T17:00:32","slug":"jundiaiense-e-vice-campea-sub-23-no-campeonato-brasileiro-de-atletismo","status":"publish","type":"post","link":"https:\/\/tvtecjundiai.com.br\/news\/2021\/09\/08\/jundiaiense-e-vice-campea-sub-23-no-campeonato-brasileiro-de-atletismo\/","title":{"rendered":"Jundiaiense \u00e9 vice-campe\u00e3 Sub-23 no Campeonato Brasileiro de Atletismo"},"content":{"rendered":"\n<p>Jundia\u00ed continua e destacando no esporte nacional. A atleta do Time Jundia\u00ed de atletismo, Thaissa Gabrielle Santos Cunha conquistou o vice-campeonato brasileiro sub-23 na marcha atl\u00e9tica de 20km no \u00faltimo domingo. Ela completou a prova realizada em Bragan\u00e7a Paulista em 1h48min06seg (50 voltas), que valeu a medalha de prata para ela.<\/p>\n\n\n\n<p>Thaissa Gabrielle ficou menos de um minuto atr\u00e1s da vencedora, a atleta do Distrito Federal, Gabriela de Souza Muniz, que se tornou bicampe\u00e3 da competi\u00e7\u00e3o. O p\u00f3dio foi completado com Bruna Batista de Oliveira, de Santa Catarina, que fechou a prova 53 segundos longe da atleta jundiaiense.<\/p>\n\n\n\n<figure class=\"wp-block-image\"><img decoding=\"async\" src=\"https:\/\/jundiai.sp.gov.br\/noticias\/wp-content\/uploads\/sites\/32\/2021\/09\/ugel1_.jpg\" alt=\"\" class=\"wp-image-275878\" \/><figcaption>Thaissa (esquerda) representa Jundia\u00ed em Campeonato Brasileiro<\/figcaption><\/figure>\n\n\n\n<p>\u201cThaissa mostrou evolu\u00e7\u00e3o no Campeonato Brasileiro, j\u00e1 que ano passado foi medalha de bronze na mesma dist\u00e2ncia.\u00a0A evolu\u00e7\u00e3o da atleta est\u00e1 sendo constante e planejada, e a dedica\u00e7\u00e3o da mesma em realizar os treinamentos a ela direcionados colaboram positivamente para tais conquistas. No Trof\u00e9u Brasil, em junho, seu tempo foi de 1h53min e no domingo, apenas um m\u00eas e meio depois, fez sua melhor marca pessoal na prova que \u00e9 especialista, concluindo com 1h48min6seg.\u00a0\u00a0\u00a0 Em nove meses ela conseguiu baixar o seu tempo em dez minutos\u201d, explica o t\u00e9cnico Robson Mian.<\/p>\n\n\n\n<p><em><strong>(Fonte\/Imagem: Prefeitura de Jundia\u00ed)<\/strong><\/em><\/p>\n","protected":false},"excerpt":{"rendered":"<p>A atleta Thaissa Gabrielle conquistou o vice-campeonato brasileiro sub-23 na marcha atl\u00e9tica de 20km.<\/p>\n","protected":false},"author":27,"featured_media":81950,"comment_status":"closed","ping_status":"closed","sticky":false,"template":"","format":"standard","meta":{"footnotes":""},"categories":[2827,8356],"tags":[],"class_list":["post-81949","post","type-post","status-publish","format-standard","has-post-thumbnail","hentry","category-esportes-e-lazer","category-jundiai"],"_links":{"self":[{"href":"https:\/\/tvtecjundiai.com.br\/news\/wp-json\/wp\/v2\/posts\/81949","targetHints":{"allow":["GET"]}}],"collection":[{"href":"https:\/\/tvtecjundiai.com.br\/news\/wp-json\/wp\/v2\/posts"}],"about":[{"href":"https:\/\/tvtecjundiai.com.br\/news\/wp-json\/wp\/v2\/types\/post"}],"author":[{"embeddable":true,"href":"https:\/\/tvtecjundiai.com.br\/news\/wp-json\/wp\/v2\/users\/27"}],"replies":[{"embeddable":true,"href":"https:\/\/tvtecjundiai.com.br\/news\/wp-json\/wp\/v2\/comments?post=81949"}],"version-history":[{"count":1,"href":"https:\/\/tvtecjundiai.com.br\/news\/wp-json\/wp\/v2\/posts\/81949\/revisions"}],"predecessor-version":[{"id":81951,"href":"https:\/\/tvtecjundiai.com.br\/news\/wp-json\/wp\/v2\/posts\/81949\/revisions\/81951"}],"wp:featuredmedia":[{"embeddable":true,"href":"https:\/\/tvtecjundiai.com.br\/news\/wp-json\/wp\/v2\/media\/81950"}],"wp:attachment":[{"href":"https:\/\/tvtecjundiai.com.br\/news\/wp-json\/wp\/v2\/media?parent=81949"}],"wp:term":[{"taxonomy":"category","embeddable":true,"href":"https:\/\/tvtecjundiai.com.br\/news\/wp-json\/wp\/v2\/categories?post=81949"},{"taxonomy":"post_tag","embeddable":true,"href":"https:\/\/tvtecjundiai.com.br\/news\/wp-json\/wp\/v2\/tags?post=81949"}],"curies":[{"name":"wp","href":"https:\/\/api.w.org\/{rel}","templated":true}]}}