{"id":82020,"date":"2021-09-10T09:23:34","date_gmt":"2021-09-10T12:23:34","guid":{"rendered":"https:\/\/tvtecjundiai.com.br\/news\/?p=82020"},"modified":"2021-09-10T09:23:35","modified_gmt":"2021-09-10T12:23:35","slug":"reuniao-define-os-proximos-passos-para-a-regiao-metropolitana-de-jundiai","status":"publish","type":"post","link":"https:\/\/tvtecjundiai.com.br\/news\/2021\/09\/10\/reuniao-define-os-proximos-passos-para-a-regiao-metropolitana-de-jundiai\/","title":{"rendered":"Reuni\u00e3o define os pr\u00f3ximos passos para a Regi\u00e3o Metropolitana de Jundia\u00ed"},"content":{"rendered":"\n<p>O Conselho de Desenvolvimento da Regi\u00e3o Metropolitana de Jundia\u00ed realizou reuni\u00e3o on-line, nesta quinta-feira (9), para discutir os pr\u00f3ximos passos para a implanta\u00e7\u00e3o da Regi\u00e3o Metropolitana de Jundia\u00ed (RMJ) e apresenta\u00e7\u00e3o da FIPE sobre a retomada dos trabalhos do Plano de Desenvolvimento Urbano Integrado (PDUI).<\/p>\n\n\n\n<p>O secret\u00e1rio de Desenvolvimento Regional (SDR) de S\u00e3o Paulo, Marcos Vinholi, participou da abertura do encontro e comentou que foi conclu\u00eddo o prazo de 30 dias necess\u00e1rio para o recebimento das contribui\u00e7\u00f5es da audi\u00eancia p\u00fablica sobre o tema. \u201cNos pr\u00f3ximos dias, o projeto de lei ser\u00e1 encaminhado para a Assembleia Legislativa de S\u00e3o Paulo. Entre os pr\u00f3ximos passos fundamentais est\u00e1 a reorganiza\u00e7\u00e3o do Conselho e a participa\u00e7\u00e3o da sociedade civil\u201d, afirmou.&nbsp;<\/p>\n\n\n\n<p>O prefeito de Jundia\u00ed e presidente do Conselho de Desenvolvimento da Regi\u00e3o Metropolitana de Jundia\u00ed, Luiz Fernando Machado, comentou sobre os projetos priorit\u00e1rios para a RMJ. \u201cO sistema de abastecimento de \u00e1gua realizado por empresas distintas nas cidades, a consolida\u00e7\u00e3o do Distrito Tur\u00edstico da regi\u00e3o s\u00e3o alguns dos temas priorit\u00e1rios\u201d, declarou.<\/p>\n\n\n\n<div class=\"wp-block-image\"><figure class=\"aligncenter size-large\"><img loading=\"lazy\" decoding=\"async\" width=\"1200\" height=\"800\" src=\"https:\/\/tvtecjundiai.com.br\/news\/wp-content\/uploads\/sites\/2\/2021\/09\/reuniao_aglomerado_pdui-49-1200x800.jpg\" alt=\"\" class=\"wp-image-82021\" srcset=\"https:\/\/tvtecjundiai.com.br\/news\/wp-content\/uploads\/sites\/2\/2021\/09\/reuniao_aglomerado_pdui-49-1200x800.jpg 1200w, https:\/\/tvtecjundiai.com.br\/news\/wp-content\/uploads\/sites\/2\/2021\/09\/reuniao_aglomerado_pdui-49-300x200.jpg 300w, https:\/\/tvtecjundiai.com.br\/news\/wp-content\/uploads\/sites\/2\/2021\/09\/reuniao_aglomerado_pdui-49-768x512.jpg 768w, https:\/\/tvtecjundiai.com.br\/news\/wp-content\/uploads\/sites\/2\/2021\/09\/reuniao_aglomerado_pdui-49.jpg 1280w\" sizes=\"auto, (max-width: 1200px) 100vw, 1200px\" \/><figcaption>Luiz Fernando e Sin\u00e9sio participaram da reuni\u00e3o sobre a Regi\u00e3o Metropolitana de Jundia\u00ed<\/figcaption><\/figure><\/div>\n\n\n\n<p>A FIPE (Funda\u00e7\u00e3o Instituto de Pesquisas Econ\u00f4micas), sob coordena\u00e7\u00e3o de Andrea Calabi, ficar\u00e1 respons\u00e1vel por prestar apoio t\u00e9cnico log\u00edstico \u00e0 cria\u00e7\u00e3o da Regi\u00e3o Metropolitana de Jundia\u00ed. O consultor da SDR, Marcos Campagnone, apresentou as etapas de elabora\u00e7\u00e3o do PDUI, na busca do desenvolvimento socioecon\u00f4mico e ambiental, cria\u00e7\u00e3o de a\u00e7\u00f5es intermunicipais, promo\u00e7\u00e3o de pol\u00edticas p\u00fablicas para a distribui\u00e7\u00e3o de investimentos e servi\u00e7os.&nbsp;<\/p>\n\n\n\n<p>A recomposi\u00e7\u00e3o do Comit\u00ea Executivo, assim como a atualiza\u00e7\u00e3o do Guia Metodol\u00f3gico para aprova\u00e7\u00e3o por esse comit\u00ea s\u00e3o os pr\u00f3ximos passos para que os trabalhos da elabora\u00e7\u00e3o do PDUI sejam retomados. O cronograma de elabora\u00e7\u00e3o desse PDUI prev\u00ea um prazo de 12 meses, com intenso trabalho para fazer as audi\u00eancias p\u00fablicas necess\u00e1rias \u00e0 formula\u00e7\u00e3o da proposta.\u00a0<\/p>\n\n\n\n<p>O encontro contou com a participa\u00e7\u00e3o do coordenador das audi\u00eancias p\u00fablicas do projeto da nova regionaliza\u00e7\u00e3o do estado, Jesse James, de prefeitos e representantes das sete cidades da RMJ, Jundia\u00ed, Cabre\u00fava, Campo Limpo Paulista, Itupeva, Louveira, Jarinu e V\u00e1rzea Paulista, o gestor de Governo e Finan\u00e7as, Jos\u00e9 Antonio Parimoschi e o gestor de Planejamento Urbano e Meio Ambiente, Sin\u00e9sio Scarabello Filho. Estuda-se tamb\u00e9m o acr\u00e9scimo do munic\u00edpio de Itatiba.<\/p>\n\n\n\n<p><strong><em>(Fonte\/Imagem: Prefeitura de Jundia\u00ed)<\/em><\/strong><\/p>\n\n\n\n<p>\u00a0<\/p>\n","protected":false},"excerpt":{"rendered":"<p>Nos pr\u00f3ximos dias, o projeto de lei ser\u00e1 encaminhado para a Assembleia Legislativa de S\u00e3o Paulo<\/p>\n","protected":false},"author":25,"featured_media":82021,"comment_status":"closed","ping_status":"closed","sticky":false,"template":"","format":"standard","meta":{"footnotes":""},"categories":[1],"tags":[],"class_list":["post-82020","post","type-post","status-publish","format-standard","has-post-thumbnail","hentry","category-noticias"],"_links":{"self":[{"href":"https:\/\/tvtecjundiai.com.br\/news\/wp-json\/wp\/v2\/posts\/82020","targetHints":{"allow":["GET"]}}],"collection":[{"href":"https:\/\/tvtecjundiai.com.br\/news\/wp-json\/wp\/v2\/posts"}],"about":[{"href":"https:\/\/tvtecjundiai.com.br\/news\/wp-json\/wp\/v2\/types\/post"}],"author":[{"embeddable":true,"href":"https:\/\/tvtecjundiai.com.br\/news\/wp-json\/wp\/v2\/users\/25"}],"replies":[{"embeddable":true,"href":"https:\/\/tvtecjundiai.com.br\/news\/wp-json\/wp\/v2\/comments?post=82020"}],"version-history":[{"count":1,"href":"https:\/\/tvtecjundiai.com.br\/news\/wp-json\/wp\/v2\/posts\/82020\/revisions"}],"predecessor-version":[{"id":82022,"href":"https:\/\/tvtecjundiai.com.br\/news\/wp-json\/wp\/v2\/posts\/82020\/revisions\/82022"}],"wp:featuredmedia":[{"embeddable":true,"href":"https:\/\/tvtecjundiai.com.br\/news\/wp-json\/wp\/v2\/media\/82021"}],"wp:attachment":[{"href":"https:\/\/tvtecjundiai.com.br\/news\/wp-json\/wp\/v2\/media?parent=82020"}],"wp:term":[{"taxonomy":"category","embeddable":true,"href":"https:\/\/tvtecjundiai.com.br\/news\/wp-json\/wp\/v2\/categories?post=82020"},{"taxonomy":"post_tag","embeddable":true,"href":"https:\/\/tvtecjundiai.com.br\/news\/wp-json\/wp\/v2\/tags?post=82020"}],"curies":[{"name":"wp","href":"https:\/\/api.w.org\/{rel}","templated":true}]}}