{"id":82023,"date":"2021-09-10T09:45:55","date_gmt":"2021-09-10T12:45:55","guid":{"rendered":"https:\/\/tvtecjundiai.com.br\/news\/?p=82023"},"modified":"2021-09-10T09:46:00","modified_gmt":"2021-09-10T12:46:00","slug":"brasil-tem-uma-a-cada-tres-pessoas-com-vacinacao-completa-contra-a-covid-19","status":"publish","type":"post","link":"https:\/\/tvtecjundiai.com.br\/news\/2021\/09\/10\/brasil-tem-uma-a-cada-tres-pessoas-com-vacinacao-completa-contra-a-covid-19\/","title":{"rendered":"Brasil tem uma a cada tr\u00eas pessoas com vacina\u00e7\u00e3o completa contra a COVID-19"},"content":{"rendered":"\n<p>O n\u00famero de vacinados com duas doses ou dose \u00fanica de vacinas contra a COVID-19 no Brasil chegou nesta quinta-feira (09), a 70.424.958 milh\u00f5es, o que corresponde a 33,01% da popula\u00e7\u00e3o. Enquanto isso, 64,10% do total, o equivalente a 136.745.375 pessoas, receberam ao menos uma dose de imunizantes anticovid.<\/p>\n\n\n\n<p>Das 2.226.513 vacinas anticovid aplicadas no Pa\u00eds nas \u00faltimas 24 horas, mais da metade correspondem a doses de refor\u00e7o. Foram administradas 717.295 primeiras doses, 1.476.458 milh\u00e3o de segundas doses \u2014 quantidade recorde desde o in\u00edcio da pandemia \u2014 e 3.654 doses \u00fanicas, apontam dados reunidos pelo cons\u00f3rcio de ve\u00edculos de imprensa junto a secretarias de 26 Estados e Distrito Federal.<\/p>\n\n\n\n<div class=\"wp-block-image\"><figure class=\"aligncenter size-large is-resized\"><img loading=\"lazy\" decoding=\"async\" src=\"https:\/\/tvtecjundiai.com.br\/news\/wp-content\/uploads\/sites\/2\/2021\/09\/51406742984_dae9d2af09_6k-1200x801.jpg\" alt=\"\" class=\"wp-image-82024\" width=\"734\" height=\"489\" srcset=\"https:\/\/tvtecjundiai.com.br\/news\/wp-content\/uploads\/sites\/2\/2021\/09\/51406742984_dae9d2af09_6k-1200x801.jpg 1200w, https:\/\/tvtecjundiai.com.br\/news\/wp-content\/uploads\/sites\/2\/2021\/09\/51406742984_dae9d2af09_6k-300x200.jpg 300w, https:\/\/tvtecjundiai.com.br\/news\/wp-content\/uploads\/sites\/2\/2021\/09\/51406742984_dae9d2af09_6k-768x512.jpg 768w, https:\/\/tvtecjundiai.com.br\/news\/wp-content\/uploads\/sites\/2\/2021\/09\/51406742984_dae9d2af09_6k.jpg 1280w\" sizes=\"auto, (max-width: 734px) 100vw, 734px\" \/><\/figure><\/div>\n\n\n\n<p>Em termos proporcionais, S\u00e3o Paulo continua sendo o Estado que mais vacinou com primeira dose, com 75,47% dos habitantes parcialmente imunizados. J\u00e1 o Mato Grosso do Sul tem a maior porcentagem da popula\u00e7\u00e3o completamente imunizada: 47,62% do total.<\/p>\n\n\n\n<p><strong><em>(Fonte: Estad\u00e3o\/Imagem: Prefeitura de Jundia\u00ed)<\/em><\/strong><\/p>\n","protected":false},"excerpt":{"rendered":"<p>Pa\u00eds aplicou maior quantidade de segundas doses em 24 horas desde o in\u00edcio da pandemia: 1,47 milh\u00e3o.<\/p>\n","protected":false},"author":25,"featured_media":82024,"comment_status":"closed","ping_status":"closed","sticky":false,"template":"","format":"standard","meta":{"footnotes":""},"categories":[1],"tags":[],"class_list":["post-82023","post","type-post","status-publish","format-standard","has-post-thumbnail","hentry","category-noticias"],"_links":{"self":[{"href":"https:\/\/tvtecjundiai.com.br\/news\/wp-json\/wp\/v2\/posts\/82023","targetHints":{"allow":["GET"]}}],"collection":[{"href":"https:\/\/tvtecjundiai.com.br\/news\/wp-json\/wp\/v2\/posts"}],"about":[{"href":"https:\/\/tvtecjundiai.com.br\/news\/wp-json\/wp\/v2\/types\/post"}],"author":[{"embeddable":true,"href":"https:\/\/tvtecjundiai.com.br\/news\/wp-json\/wp\/v2\/users\/25"}],"replies":[{"embeddable":true,"href":"https:\/\/tvtecjundiai.com.br\/news\/wp-json\/wp\/v2\/comments?post=82023"}],"version-history":[{"count":1,"href":"https:\/\/tvtecjundiai.com.br\/news\/wp-json\/wp\/v2\/posts\/82023\/revisions"}],"predecessor-version":[{"id":82025,"href":"https:\/\/tvtecjundiai.com.br\/news\/wp-json\/wp\/v2\/posts\/82023\/revisions\/82025"}],"wp:featuredmedia":[{"embeddable":true,"href":"https:\/\/tvtecjundiai.com.br\/news\/wp-json\/wp\/v2\/media\/82024"}],"wp:attachment":[{"href":"https:\/\/tvtecjundiai.com.br\/news\/wp-json\/wp\/v2\/media?parent=82023"}],"wp:term":[{"taxonomy":"category","embeddable":true,"href":"https:\/\/tvtecjundiai.com.br\/news\/wp-json\/wp\/v2\/categories?post=82023"},{"taxonomy":"post_tag","embeddable":true,"href":"https:\/\/tvtecjundiai.com.br\/news\/wp-json\/wp\/v2\/tags?post=82023"}],"curies":[{"name":"wp","href":"https:\/\/api.w.org\/{rel}","templated":true}]}}