{"id":82034,"date":"2021-09-10T11:12:01","date_gmt":"2021-09-10T14:12:01","guid":{"rendered":"https:\/\/tvtecjundiai.com.br\/news\/?p=82034"},"modified":"2021-09-10T11:12:04","modified_gmt":"2021-09-10T14:12:04","slug":"populacao-escolhe-projetos-que-poderao-receber-recursos-de-emenda-parlamentar-em-jundiai","status":"publish","type":"post","link":"https:\/\/tvtecjundiai.com.br\/news\/2021\/09\/10\/populacao-escolhe-projetos-que-poderao-receber-recursos-de-emenda-parlamentar-em-jundiai\/","title":{"rendered":"Popula\u00e7\u00e3o escolhe projetos que poder\u00e3o receber recursos de emenda parlamentar em Jundia\u00ed"},"content":{"rendered":"\n<p>Jundia\u00ed foi uma das cidades pr\u00e9-selecionadas no Estado para receber recursos de emenda parlamentar da Deputada Estadual Marina Helou (Rede). Foram mais de 100 projetos inscritos por \u00f3rg\u00e3os p\u00fablicos de dezenas de munic\u00edpios diferentes, destinados a ajudar os governos na gest\u00e3o durante e\/ou p\u00f3s-pandemia do COVID-19.&nbsp;<\/p>\n\n\n\n<p>A cidade teve seis projetos aprovados para a pr\u00f3xima fase. S\u00e3o eles: Mulheres Empoderadas, Programa Horta Urbana Jundia\u00ed \u2013 Agrofloresta, Combate a Inc\u00eandios Florestais na Serra do Japi, Entre a Casa e a Escola EMEB Luiz B\u00e1rbaro, Ciclovia Tempor\u00e1ria Av. 9 de Julho e Microparques: espa\u00e7os de brincar na natureza perto das crian\u00e7as.&nbsp;<\/p>\n\n\n\n<p>Na pr\u00f3xima fase, a pr\u00f3pria popula\u00e7\u00e3o vai escolher os projetos que receber\u00e3o os recursos, por meio de vota\u00e7\u00e3o pelo site, at\u00e9 o dia 16 de setembro. O processo \u00e9 simples, basta acessar o<a href=\"https:\/\/www.marinahelou.com.br\/edital2022-votacao\">\u00a0site<\/a>, fazer a busca pela cidade de Jundia\u00ed e votar nos projetos escolhidos. A divulga\u00e7\u00e3o dos vencedores ser\u00e1 no dia 30 de setembro, por meio das redes sociais da deputada.<\/p>\n\n\n\n<div class=\"wp-block-image\"><figure class=\"aligncenter size-large is-resized\"><img loading=\"lazy\" decoding=\"async\" src=\"https:\/\/tvtecjundiai.com.br\/news\/wp-content\/uploads\/sites\/2\/2021\/09\/inauguracao-ciclovia-av-09-de-julho_c_-91-1280x854-1-1200x801.jpg\" alt=\"\" class=\"wp-image-82035\" width=\"693\" height=\"462\" srcset=\"https:\/\/tvtecjundiai.com.br\/news\/wp-content\/uploads\/sites\/2\/2021\/09\/inauguracao-ciclovia-av-09-de-julho_c_-91-1280x854-1-1200x801.jpg 1200w, https:\/\/tvtecjundiai.com.br\/news\/wp-content\/uploads\/sites\/2\/2021\/09\/inauguracao-ciclovia-av-09-de-julho_c_-91-1280x854-1-300x200.jpg 300w, https:\/\/tvtecjundiai.com.br\/news\/wp-content\/uploads\/sites\/2\/2021\/09\/inauguracao-ciclovia-av-09-de-julho_c_-91-1280x854-1-768x512.jpg 768w, https:\/\/tvtecjundiai.com.br\/news\/wp-content\/uploads\/sites\/2\/2021\/09\/inauguracao-ciclovia-av-09-de-julho_c_-91-1280x854-1.jpg 1280w\" sizes=\"auto, (max-width: 693px) 100vw, 693px\" \/><figcaption>Ciclovia tempor\u00e1ria \u00e9 um dos projetos que est\u00e3o no pleito<\/figcaption><\/figure><\/div>\n\n\n\n<p><strong>Os projetos<\/strong><\/p>\n\n\n\n<p><strong>Programa Horta Urbana Jundia\u00ed<\/strong>&nbsp;\u2013 A iniciativa visa recuperar \u00c1reas de Prote\u00e7\u00e3o Permanente e envolver a participa\u00e7\u00e3o da comunidade no plantio de uma agrofloresta e na manuten\u00e7\u00e3o das hortas comunit\u00e1rias e urbanas e, sobretudo, a promo\u00e7\u00e3o da cidadania e engajamento dos moradores na melhoria do local onde vivem, al\u00e9m de ofertar uma possibilidade de gera\u00e7\u00e3o de renda, principalmente neste momento de pandemia.<\/p>\n\n\n\n<p><strong>Entre a Casa e a Escola EMEB Luiz B\u00e1rbaro<\/strong>&nbsp;\u2013 qualifica\u00e7\u00e3o do percurso da crian\u00e7a at\u00e9 a escola, garantindo que o trajeto priorit\u00e1rio definido seja Inclusivo, Acess\u00edvel, Verde e Livre, Seguro e L\u00fadico \u00e0 crian\u00e7a e seus cuidadores, promovendo um Bairro Amig\u00e1vel \u00e0 Primeira Inf\u00e2ncia (BAPIs).&nbsp;<\/p>\n\n\n\n<p><strong>Microparques: espa\u00e7os de brincar na natureza perto das crian\u00e7as<\/strong>\u00a0\u2013 Cria\u00e7\u00e3o de m\u00f3dulo de microparque naturalizado para crian\u00e7as de 0 a 6 anos e seus cuidadores, com \u00e1rea de 120 m\u00b2 e custo de R$35 mil cada, pass\u00edvel de ser instalado em diversos pontos da cidade, e sua implanta\u00e7\u00e3o em cinco \u00e1reas de vulnerabilidade social de Jundia\u00ed, que integram o Plano de Bairro Novo Horizonte e entorno, atendendo a demanda da comunidade, em especial o pedido de crian\u00e7as e pais da regi\u00e3o, proporcionando espa\u00e7os de brincar em contato com a natureza.<\/p>\n\n\n\n<div class=\"wp-block-image\"><figure class=\"aligncenter size-large\"><img loading=\"lazy\" decoding=\"async\" width=\"720\" height=\"480\" src=\"https:\/\/tvtecjundiai.com.br\/news\/wp-content\/uploads\/sites\/2\/2021\/09\/Horta-UNIDAM_c_2_G-720x480-1.jpg\" alt=\"\" class=\"wp-image-82036\" srcset=\"https:\/\/tvtecjundiai.com.br\/news\/wp-content\/uploads\/sites\/2\/2021\/09\/Horta-UNIDAM_c_2_G-720x480-1.jpg 720w, https:\/\/tvtecjundiai.com.br\/news\/wp-content\/uploads\/sites\/2\/2021\/09\/Horta-UNIDAM_c_2_G-720x480-1-300x200.jpg 300w\" sizes=\"auto, (max-width: 720px) 100vw, 720px\" \/><figcaption>Projeto Horta Urbana tamb\u00e9m est\u00e1 entre os selecionados para vota\u00e7\u00e3o<\/figcaption><\/figure><\/div>\n\n\n\n<p><strong>Ciclovia Tempor\u00e1ria Av. 9 de Julho<\/strong>&nbsp;\u2013 A proposta do projeto \u00e9 implantar ciclovias tempor\u00e1rias no munic\u00edpio iniciando pela Av. 9 de Julho, presente no Plano Ciclovi\u00e1rio Municipal, a fim de testar e estimular o modal como possibilidade de locomo\u00e7\u00e3o, diminuindo o tr\u00e2nsito e fatalidades no tr\u00e2nsito bem como reduzir as emiss\u00f5es de CO2.&nbsp;<\/p>\n\n\n\n<p><strong>Mulheres Empoderadas<\/strong>&nbsp;\u2013 Visa \u00e0 capacita\u00e7\u00e3o de mulheres e meninas em situa\u00e7\u00e3o de viol\u00eancia, para que tenham independ\u00eancia econ\u00f4mica, a fim de sa\u00edrem do ciclo de viol\u00eancia. As mulheres ir\u00e3o participar de oficinas de gastronomia.<\/p>\n\n\n\n<p><strong>Combate a Inc\u00eandios Florestais na Serra do Japi<\/strong>\u00a0\u2013 Disponibiliza\u00e7\u00e3o aos brigadistas equipamentos e suprimentos para desempenhar o combate aos focos de inc\u00eandios que venham a ocorrer no Territ\u00f3rio de Gest\u00e3o da Serra do Japi.\u00a0<\/p>\n\n\n\n<p><strong><em>(Fonte\/Imagem: Prefeitura de Jundia\u00ed)<\/em><\/strong><\/p>\n","protected":false},"excerpt":{"rendered":"<p>A cidade teve seis projetos aprovados para a pr\u00f3xima fase.<\/p>\n","protected":false},"author":25,"featured_media":82036,"comment_status":"closed","ping_status":"closed","sticky":false,"template":"","format":"standard","meta":{"footnotes":""},"categories":[1],"tags":[],"class_list":["post-82034","post","type-post","status-publish","format-standard","has-post-thumbnail","hentry","category-noticias"],"_links":{"self":[{"href":"https:\/\/tvtecjundiai.com.br\/news\/wp-json\/wp\/v2\/posts\/82034","targetHints":{"allow":["GET"]}}],"collection":[{"href":"https:\/\/tvtecjundiai.com.br\/news\/wp-json\/wp\/v2\/posts"}],"about":[{"href":"https:\/\/tvtecjundiai.com.br\/news\/wp-json\/wp\/v2\/types\/post"}],"author":[{"embeddable":true,"href":"https:\/\/tvtecjundiai.com.br\/news\/wp-json\/wp\/v2\/users\/25"}],"replies":[{"embeddable":true,"href":"https:\/\/tvtecjundiai.com.br\/news\/wp-json\/wp\/v2\/comments?post=82034"}],"version-history":[{"count":1,"href":"https:\/\/tvtecjundiai.com.br\/news\/wp-json\/wp\/v2\/posts\/82034\/revisions"}],"predecessor-version":[{"id":82037,"href":"https:\/\/tvtecjundiai.com.br\/news\/wp-json\/wp\/v2\/posts\/82034\/revisions\/82037"}],"wp:featuredmedia":[{"embeddable":true,"href":"https:\/\/tvtecjundiai.com.br\/news\/wp-json\/wp\/v2\/media\/82036"}],"wp:attachment":[{"href":"https:\/\/tvtecjundiai.com.br\/news\/wp-json\/wp\/v2\/media?parent=82034"}],"wp:term":[{"taxonomy":"category","embeddable":true,"href":"https:\/\/tvtecjundiai.com.br\/news\/wp-json\/wp\/v2\/categories?post=82034"},{"taxonomy":"post_tag","embeddable":true,"href":"https:\/\/tvtecjundiai.com.br\/news\/wp-json\/wp\/v2\/tags?post=82034"}],"curies":[{"name":"wp","href":"https:\/\/api.w.org\/{rel}","templated":true}]}}