{"id":82067,"date":"2021-09-11T08:37:41","date_gmt":"2021-09-11T11:37:41","guid":{"rendered":"https:\/\/tvtecjundiai.com.br\/news\/?p=82067"},"modified":"2021-09-11T08:37:45","modified_gmt":"2021-09-11T11:37:45","slug":"distrito-turistico-serra-azul-conta-com-41-km%c2%b2-de-extensao","status":"publish","type":"post","link":"https:\/\/tvtecjundiai.com.br\/news\/2021\/09\/11\/distrito-turistico-serra-azul-conta-com-41-km%c2%b2-de-extensao\/","title":{"rendered":"Distrito Tur\u00edstico Serra Azul conta com 41 km\u00b2 de extens\u00e3o"},"content":{"rendered":"\n<p>Em continuidade \u00e0s a\u00e7\u00f5es do Distrito Tur\u00edstico Serra Azul, foi realizada, nesta sexta-feira (10), reuni\u00e3o entre os prefeitos e representantes dos munic\u00edpios de Jundia\u00ed, Itupeva, Louveira e Vinhedo, da iniciativa privada e da Secretaria de Turismo e Viagens do Estado de S\u00e3o Paulo. No encontro, foi apresentado o planejamento do distrito Serra Azul e a \u00e1rea total, que soma 41 km\u00b2 de extens\u00e3o nos quatro munic\u00edpios<\/p>\n\n\n\n<p>A forma\u00e7\u00e3o do Conselho Gestor que ir\u00e1 gerenciar as a\u00e7\u00f5es do Distrito e os aspectos importantes para a organiza\u00e7\u00e3o do mesmo, como as responsabilidades de cada um dos munic\u00edpios, do estado e da iniciativa privada no processo tamb\u00e9m estiveram em pauta.<\/p>\n\n\n\n<p>O prefeito de Jundia\u00ed participou do encontro e lembrou a import\u00e2ncia da integra\u00e7\u00e3o entre as cidades, assim como da implanta\u00e7\u00e3o do conceito ESG (Environmental, Social and Governance).&nbsp; \u201cO Distrito ir\u00e1 colaborar para o desenvolvimento da regi\u00e3o e pretende tornar-se um dos maiores polos receptores de turistas da Am\u00e9rica do Sul pelo potencial tur\u00edstico da regi\u00e3o. Durante o processo, \u00e9 de grande import\u00e2ncia as boas pr\u00e1ticas de governan\u00e7a, cuidados com o meio ambiente e responsabilidade social\u201d.&nbsp;<\/p>\n\n\n\n<figure class=\"wp-block-image\"><img decoding=\"async\" src=\"https:\/\/jundiai.sp.gov.br\/noticias\/wp-content\/uploads\/sites\/32\/2021\/09\/reuniao_distrito_turistico_wetnwild-94.jpg\" alt=\"\" class=\"wp-image-276124\" \/><figcaption>Distrito tem potencial para se tornar um dos maiores polos receptores de turistas da Am\u00e9rica do Sul<\/figcaption><\/figure>\n\n\n\n<p>A diretora do Departamento de Fomento ao Turismo, \u00f3rg\u00e3o ligado \u00e0 Unidade de Gest\u00e3o de Agroneg\u00f3cio, Abastecimento e Turismo, Marcela Moro, acrescentou que os distritos tur\u00edsticos t\u00eam como objetivo estimular a atra\u00e7\u00e3o e a implanta\u00e7\u00e3o de empreendimentos para ampliar as atividades econ\u00f4micas associadas ao turismo. \u201cSer\u00e1 gera\u00e7\u00e3o de renda e de empregos para a regi\u00e3o, al\u00e9m de fomentar parcerias entre as iniciativas p\u00fablicas e privadas, voltadas \u00e0 promo\u00e7\u00e3o do turismo estadual\u201d.<\/p>\n\n\n\n<p>Tamb\u00e9m estiveram presentes&nbsp; o chefe de gabinete&nbsp; Wagner Hanashiro, e o diretor de Projetos, Gustavo Grisa, da Secretaria de Turismo e Viagens do Estado de S\u00e3o Paulo, representando a iniciativa privada, o presidente do Wet\u2019n Wild, Alain Baldacci e o representante do complexo Serra Azul, Cesar Federmann.&nbsp;<\/p>\n","protected":false},"excerpt":{"rendered":"<p>Os distritos tur\u00edsticos t\u00eam como objetivo estimular os empreendimentos e turismo local.<\/p>\n","protected":false},"author":25,"featured_media":82068,"comment_status":"closed","ping_status":"closed","sticky":false,"template":"","format":"standard","meta":{"footnotes":""},"categories":[1,2825],"tags":[],"class_list":["post-82067","post","type-post","status-publish","format-standard","has-post-thumbnail","hentry","category-noticias","category-turismo"],"_links":{"self":[{"href":"https:\/\/tvtecjundiai.com.br\/news\/wp-json\/wp\/v2\/posts\/82067","targetHints":{"allow":["GET"]}}],"collection":[{"href":"https:\/\/tvtecjundiai.com.br\/news\/wp-json\/wp\/v2\/posts"}],"about":[{"href":"https:\/\/tvtecjundiai.com.br\/news\/wp-json\/wp\/v2\/types\/post"}],"author":[{"embeddable":true,"href":"https:\/\/tvtecjundiai.com.br\/news\/wp-json\/wp\/v2\/users\/25"}],"replies":[{"embeddable":true,"href":"https:\/\/tvtecjundiai.com.br\/news\/wp-json\/wp\/v2\/comments?post=82067"}],"version-history":[{"count":1,"href":"https:\/\/tvtecjundiai.com.br\/news\/wp-json\/wp\/v2\/posts\/82067\/revisions"}],"predecessor-version":[{"id":82069,"href":"https:\/\/tvtecjundiai.com.br\/news\/wp-json\/wp\/v2\/posts\/82067\/revisions\/82069"}],"wp:featuredmedia":[{"embeddable":true,"href":"https:\/\/tvtecjundiai.com.br\/news\/wp-json\/wp\/v2\/media\/82068"}],"wp:attachment":[{"href":"https:\/\/tvtecjundiai.com.br\/news\/wp-json\/wp\/v2\/media?parent=82067"}],"wp:term":[{"taxonomy":"category","embeddable":true,"href":"https:\/\/tvtecjundiai.com.br\/news\/wp-json\/wp\/v2\/categories?post=82067"},{"taxonomy":"post_tag","embeddable":true,"href":"https:\/\/tvtecjundiai.com.br\/news\/wp-json\/wp\/v2\/tags?post=82067"}],"curies":[{"name":"wp","href":"https:\/\/api.w.org\/{rel}","templated":true}]}}