{"id":82149,"date":"2021-09-13T17:47:20","date_gmt":"2021-09-13T20:47:20","guid":{"rendered":"https:\/\/tvtecjundiai.com.br\/news\/?p=82149"},"modified":"2021-09-14T09:28:16","modified_gmt":"2021-09-14T12:28:16","slug":"apos-instalacao-de-cameras-transporte-publico-tem-queda-em-casos-de-vandalismo-1","status":"publish","type":"post","link":"https:\/\/tvtecjundiai.com.br\/news\/2021\/09\/13\/apos-instalacao-de-cameras-transporte-publico-tem-queda-em-casos-de-vandalismo-1\/","title":{"rendered":"Ap\u00f3s instala\u00e7\u00e3o de c\u00e2meras, transporte p\u00fablico de Jundia\u00ed tem queda em casos de vandalismo"},"content":{"rendered":"\n<p>A instala\u00e7\u00e3o de c\u00e2meras de seguran\u00e7a no interior dos \u00f4nibus fez cair o n\u00famero de casos de vandalismo no transporte p\u00fablico municipal, revelam dados da Unidade de Gest\u00e3o de Mobilidade e Transporte. Antes desse investimento, a cidade tinha uma m\u00e9dia de 19,3 casos de vandalismo ao m\u00eas. Ap\u00f3s a instala\u00e7\u00e3o, os n\u00fameros come\u00e7aram a cair: em 2019, foram 12,3 casos e, neste ano, 2,6. Devido \u00e0 diminui\u00e7\u00e3o de circula\u00e7\u00e3o de pessoas na pandemia, n\u00e3o houve registro em 2020.<\/p>\n\n\n\n<p>\u201c\u00c9 a tecnologia servindo ao cidad\u00e3o e tornando nosso transporte p\u00fablico mais seguro, dentro das propostas de transformar Jundia\u00ed cada vez mais em uma Cidade Inteligente\u201d, observa o prefeito Luiz Fernando Machado. \u201cAl\u00e9m das c\u00e2meras, o munic\u00edpio tamb\u00e9m investiu na tecnologia embarcada para o pagamento da passagem com cart\u00f5es de d\u00e9bito e cr\u00e9dito, o que tornou Jundia\u00ed a primeira cidade da Am\u00e9rica Latina com esse sistema em 100% da frota.\u201d<\/p>\n\n\n\n<figure class=\"wp-block-image\"><img decoding=\"async\" src=\"https:\/\/jundiai.sp.gov.br\/noticias\/wp-content\/uploads\/sites\/32\/2021\/09\/cameras_seguranca-9.jpg\" alt=\"\" class=\"wp-image-276230\" \/><figcaption>Cada \u00f4nibus conta com quatro c\u00e2meras instaladas; investimento vai ao encontro do conceito de Cidade Inteligente<\/figcaption><\/figure>\n\n\n\n<p>Quando a v\u00edtima faz a den\u00fancia pelo 156 ou pelo APP Jundia\u00ed, as imagens s\u00e3o verificadas e encaminhadas \u00e0 pol\u00edcia para o devido tratamento do caso. Al\u00e9m de vandalismo, as c\u00e2meras registram outras ocorr\u00eancias. Desde o in\u00edcio de 2021, foram 23 casos, entre vandalismo (18), furto\/roubo (2), ass\u00e9dio (2) e agress\u00e3o (1). Todos foram pontuais, sem concentra\u00e7\u00e3o em linha espec\u00edfica. Nos dois casos de furto\/roubo e nos dois de ass\u00e9dio registrados, gra\u00e7as \u00e0s c\u00e2meras houve a identifica\u00e7\u00e3o dos criminosos, com provid\u00eancias tomadas pela pol\u00edcia.<\/p>\n\n\n\n<p>O gestor de Mobilidade e Transporte, Aloysio Queiroz, lembra que as c\u00e2meras permitem verificar tamb\u00e9m se uma reclama\u00e7\u00e3o feita por um usu\u00e1rio no 156 \u00e9 procedente e o que pode ser feito para solucionar o problema. \u201cEm conjunto com as empresas que fazem o transporte, pretendemos, em breve, instalar antenas de internet nos sete terminais de \u00f4nibus da cidade e em outros pontos estrat\u00e9gicos e, dessa forma, ter acesso \u00e0s imagens antes de o \u00f4nibus retornar \u00e0 garagem\u201d, explica Aloysio. \u201cNossa ideia \u00e9 integrar essa tecnologia cada vez mais \u00e0s centrais de monitoramento, tanto \u00e0 da Gest\u00e3o de Mobilidade e Transporte quanto \u00e0 da Guarda Municipal.\u201d<\/p>\n\n\n\n<p>Em Jundia\u00ed, desde 2017, toda a frota do sistema de transporte coletivo \u2013 cerca de 300 \u00f4nibus \u2013 conta com quatro c\u00e2meras de vigil\u00e2ncia instaladas em cada ve\u00edculo.<\/p>\n\n\n\n<p><em><strong>(Fonte\/Imagem: Prefeitura de Jundia\u00ed)<\/strong><\/em><\/p>\n","protected":false},"excerpt":{"rendered":"<p>Antes desse investimento, a cidade tinha uma m\u00e9dia de 19,3 casos de vandalismo ao m\u00eas.<\/p>\n","protected":false},"author":27,"featured_media":82150,"comment_status":"closed","ping_status":"closed","sticky":false,"template":"","format":"standard","meta":{"footnotes":""},"categories":[8356,4831,3059],"tags":[],"class_list":["post-82149","post","type-post","status-publish","format-standard","has-post-thumbnail","hentry","category-jundiai","category-seguranca","category-transportes"],"_links":{"self":[{"href":"https:\/\/tvtecjundiai.com.br\/news\/wp-json\/wp\/v2\/posts\/82149","targetHints":{"allow":["GET"]}}],"collection":[{"href":"https:\/\/tvtecjundiai.com.br\/news\/wp-json\/wp\/v2\/posts"}],"about":[{"href":"https:\/\/tvtecjundiai.com.br\/news\/wp-json\/wp\/v2\/types\/post"}],"author":[{"embeddable":true,"href":"https:\/\/tvtecjundiai.com.br\/news\/wp-json\/wp\/v2\/users\/27"}],"replies":[{"embeddable":true,"href":"https:\/\/tvtecjundiai.com.br\/news\/wp-json\/wp\/v2\/comments?post=82149"}],"version-history":[{"count":2,"href":"https:\/\/tvtecjundiai.com.br\/news\/wp-json\/wp\/v2\/posts\/82149\/revisions"}],"predecessor-version":[{"id":82157,"href":"https:\/\/tvtecjundiai.com.br\/news\/wp-json\/wp\/v2\/posts\/82149\/revisions\/82157"}],"wp:featuredmedia":[{"embeddable":true,"href":"https:\/\/tvtecjundiai.com.br\/news\/wp-json\/wp\/v2\/media\/82150"}],"wp:attachment":[{"href":"https:\/\/tvtecjundiai.com.br\/news\/wp-json\/wp\/v2\/media?parent=82149"}],"wp:term":[{"taxonomy":"category","embeddable":true,"href":"https:\/\/tvtecjundiai.com.br\/news\/wp-json\/wp\/v2\/categories?post=82149"},{"taxonomy":"post_tag","embeddable":true,"href":"https:\/\/tvtecjundiai.com.br\/news\/wp-json\/wp\/v2\/tags?post=82149"}],"curies":[{"name":"wp","href":"https:\/\/api.w.org\/{rel}","templated":true}]}}