{"id":8215,"date":"2018-04-02T09:42:43","date_gmt":"2018-04-02T12:42:43","guid":{"rendered":"https:\/\/tvtecjundiai.com.br\/news\/?p=8215"},"modified":"2018-04-02T10:24:04","modified_gmt":"2018-04-02T13:24:04","slug":"educacao-prazo-para-isencao-do-enem-comeca-nesta-segunda-2","status":"publish","type":"post","link":"https:\/\/tvtecjundiai.com.br\/news\/2018\/04\/02\/educacao-prazo-para-isencao-do-enem-comeca-nesta-segunda-2\/","title":{"rendered":"Educa\u00e7\u00e3o: prazo para isen\u00e7\u00e3o do Enem come\u00e7a nesta segunda (2)"},"content":{"rendered":"<p><a href=\"https:\/\/tvtecjundiai.com.br\/news\/wp-content\/uploads\/sites\/2\/2018\/04\/Como-obter-isen\u00e7\u00e3o-no-ENEM-2017.jpg\"><img loading=\"lazy\" decoding=\"async\" class=\"wp-image-8218 alignleft\" src=\"https:\/\/tvtecjundiai.com.br\/news\/wp-content\/uploads\/sites\/2\/2018\/04\/Como-obter-isen\u00e7\u00e3o-no-ENEM-2017-300x147.jpg\" alt=\"\" width=\"398\" height=\"195\" srcset=\"https:\/\/tvtecjundiai.com.br\/news\/wp-content\/uploads\/sites\/2\/2018\/04\/Como-obter-isen\u00e7\u00e3o-no-ENEM-2017-300x147.jpg 300w, https:\/\/tvtecjundiai.com.br\/news\/wp-content\/uploads\/sites\/2\/2018\/04\/Como-obter-isen\u00e7\u00e3o-no-ENEM-2017.jpg 485w\" sizes=\"auto, (max-width: 398px) 100vw, 398px\" \/><\/a>O prazo para pedir a isen\u00e7\u00e3o do Exame Nacional do Ensino M\u00e9dio (Enem) come\u00e7a nesta segunda-feira (2). A solicita\u00e7\u00e3o deve ser feita pelo\u00a0<a href=\"http:\/\/enem.inep.gov.br\/participante\" target=\"_blank\" rel=\"noopener\">site\u00a0<\/a>do Enem. Neste ano, o pedido \u00e9 feito antes do per\u00edodo de inscri\u00e7\u00e3o.\u00a0S\u00e3o isentos os estudantes que estejam cursando a \u00faltima s\u00e9rie do ensino m\u00e9dio neste ano em escola da rede p\u00fablica, ou que tenha cursado todo o ensino m\u00e9dio em escola da rede p\u00fablica ou como bolsista integral na rede privada e tenha renda per capita igual ou inferior a um sal\u00e1rio m\u00ednimo e meio.<\/p>\n<p>Ainda, tem direito a isen\u00e7\u00e3o os candidatos que\u00a0declarar situa\u00e7\u00e3o de vulnerabilidade socioecon\u00f4mica, por ser membro de fam\u00edlia de baixa renda e que esteja inscrito no Cadastro \u00danico para Programas Sociais do Governo Federal (Cad\u00danico). Neste ano, tamb\u00e9m s\u00e3o isentos os participantes do Exame Nacional para Certifica\u00e7\u00e3o de Compet\u00eancias de Jovens e Adultos (Encceja) do ano passado, que tenham atingido a nota m\u00ednima do exame.<\/p>\n<p>Para todos os casos de solicita\u00e7\u00e3o, o candidato dever\u00e1 apresentar documenta\u00e7\u00e3o que comprove a situa\u00e7\u00e3o,\u00a0sob pena de responder por crime contra a f\u00e9 p\u00fablica e de ser eliminado do Exame. Se o estudante estiver\u00a0no Cad\u00danico, dever\u00e1 informar o seu N\u00famero de Identifica\u00e7\u00e3o Social (NIS) v\u00e1lido. O Inep poder\u00e1 consultar o \u00f3rg\u00e3o gestor do Cad\u00danico para verificar a conformidade da condi\u00e7\u00e3o indicada pelo participante no sistema de isen\u00e7\u00e3o.<\/p>\n<p>&nbsp;<\/p>\n<p>Caso a isen\u00e7\u00e3o seja negada, \u00e9 poss\u00edvel entrar com recurso entre os dias 23 e 29 de abril na p\u00e1gina do participante. A aprova\u00e7\u00e3o da isen\u00e7\u00e3o n\u00e3o significa que o candidato j\u00e1 esteja inscrito no Enem, pois as inscri\u00e7\u00f5es abrir\u00e3o no dia 7 de maio.<\/p>\n<p>Os participantes que tiveram isen\u00e7\u00e3o da taxa de inscri\u00e7\u00e3o no Enem no ano passado e que faltaram aos dois dias de provas ter\u00e3o que justificar a aus\u00eancia para fazer o Enem de 2018 sem pagar a taxa novamente. J\u00e1 aqueles que n\u00e3o apresentarem justificativa\u00a0de aus\u00eancia no Enem 2017 ou tiver a justificativa reprovada ap\u00f3s recurso e quiser se inscrever no Enem 2018 dever\u00e1 pagar o valor da taxa de inscri\u00e7\u00e3o, mantida neste ano em R$ 82.<\/p>\n<p>Essas exig\u00eancias foram adotadas em raz\u00e3o dos preju\u00edzos que o exame vem registrando nos \u00faltimos anos aos cofres p\u00fablicos. Segundo o Instituto Nacional de Estudos e Pesquisas Educacionais An\u00edsio Teixeira (Inep), as \u00faltimas cinco edi\u00e7\u00f5es do Enem representaram um preju\u00edzo de R$ 962 milh\u00f5es com participantes que se inscreveram e n\u00e3o compareceram \u00e0s provas.<\/p>\n<p><em>(Fonte: Ag\u00eancia Brasil)<\/em><\/p>\n","protected":false},"excerpt":{"rendered":"<p>O \u00faltimo dia para solicitar o benef\u00edcio ser\u00e1 em 11 de abril <\/p>\n","protected":false},"author":11,"featured_media":0,"comment_status":"closed","ping_status":"closed","sticky":false,"template":"","format":"standard","meta":{"footnotes":""},"categories":[1],"tags":[],"class_list":["post-8215","post","type-post","status-publish","format-standard","hentry","category-noticias"],"_links":{"self":[{"href":"https:\/\/tvtecjundiai.com.br\/news\/wp-json\/wp\/v2\/posts\/8215","targetHints":{"allow":["GET"]}}],"collection":[{"href":"https:\/\/tvtecjundiai.com.br\/news\/wp-json\/wp\/v2\/posts"}],"about":[{"href":"https:\/\/tvtecjundiai.com.br\/news\/wp-json\/wp\/v2\/types\/post"}],"author":[{"embeddable":true,"href":"https:\/\/tvtecjundiai.com.br\/news\/wp-json\/wp\/v2\/users\/11"}],"replies":[{"embeddable":true,"href":"https:\/\/tvtecjundiai.com.br\/news\/wp-json\/wp\/v2\/comments?post=8215"}],"version-history":[{"count":2,"href":"https:\/\/tvtecjundiai.com.br\/news\/wp-json\/wp\/v2\/posts\/8215\/revisions"}],"predecessor-version":[{"id":8222,"href":"https:\/\/tvtecjundiai.com.br\/news\/wp-json\/wp\/v2\/posts\/8215\/revisions\/8222"}],"wp:attachment":[{"href":"https:\/\/tvtecjundiai.com.br\/news\/wp-json\/wp\/v2\/media?parent=8215"}],"wp:term":[{"taxonomy":"category","embeddable":true,"href":"https:\/\/tvtecjundiai.com.br\/news\/wp-json\/wp\/v2\/categories?post=8215"},{"taxonomy":"post_tag","embeddable":true,"href":"https:\/\/tvtecjundiai.com.br\/news\/wp-json\/wp\/v2\/tags?post=8215"}],"curies":[{"name":"wp","href":"https:\/\/api.w.org\/{rel}","templated":true}]}}