{"id":82178,"date":"2021-09-14T15:03:16","date_gmt":"2021-09-14T18:03:16","guid":{"rendered":"https:\/\/tvtecjundiai.com.br\/news\/?p=82178"},"modified":"2021-09-14T15:03:20","modified_gmt":"2021-09-14T18:03:20","slug":"serra-do-japi-sera-destaque-no-globo-reporter-desta-sexta-feira-17","status":"publish","type":"post","link":"https:\/\/tvtecjundiai.com.br\/news\/2021\/09\/14\/serra-do-japi-sera-destaque-no-globo-reporter-desta-sexta-feira-17\/","title":{"rendered":"Serra do Japi ser\u00e1 destaque no Globo Rep\u00f3rter desta sexta-feira (17)"},"content":{"rendered":"\n<p>A Serra do Japi \u00e9 uma pequena cadeia montanhosa localizada no sudeste do estado de S\u00e3o Paulo, possui 354 quil\u00f4metros quadrados de \u00e1rea, cujo ponto culminante atinge 1.260 metros de altitude. A regi\u00e3o \u00e9 um raro remanescente da Mata Atl\u00e2ntica no interior do estado de S\u00e3o Paulo, fazendo divisa com quatro munic\u00edpios: Jundia\u00ed, Pirapora do Bom Jesus, Cajamar e Cabre\u00fava, e apresenta um grande variedade de fauna, flora.<\/p>\n\n\n\n<p>No Globo Rep\u00f3rter desta sexta-feira (17), a Serra do Japi ser\u00e1 a grande estrela. Ser\u00e1 mostrada a import\u00e2ncia das borboletas para o meio ambiente, assim como uma flor diferente, que \u00e9 disputada por morcegos e beija-flores.<\/p>\n\n\n\n<p>Veja a chamada para o programa <a href=\"https:\/\/twitter.com\/globoreporter\/status\/1437747963367866370?s=24\">aqui<\/a>.<\/p>\n\n\n\n<div class=\"wp-block-image\"><figure class=\"aligncenter size-large\"><img loading=\"lazy\" decoding=\"async\" width=\"1200\" height=\"675\" src=\"https:\/\/tvtecjundiai.com.br\/news\/wp-content\/uploads\/sites\/2\/2021\/09\/Design-sem-nome-5-1-1200x675.png\" alt=\"\" class=\"wp-image-82180\" srcset=\"https:\/\/tvtecjundiai.com.br\/news\/wp-content\/uploads\/sites\/2\/2021\/09\/Design-sem-nome-5-1-1200x675.png 1200w, https:\/\/tvtecjundiai.com.br\/news\/wp-content\/uploads\/sites\/2\/2021\/09\/Design-sem-nome-5-1-300x169.png 300w, https:\/\/tvtecjundiai.com.br\/news\/wp-content\/uploads\/sites\/2\/2021\/09\/Design-sem-nome-5-1-768x432.png 768w, https:\/\/tvtecjundiai.com.br\/news\/wp-content\/uploads\/sites\/2\/2021\/09\/Design-sem-nome-5-1.png 1280w\" sizes=\"auto, (max-width: 1200px) 100vw, 1200px\" \/><\/figure><\/div>\n\n\n\n<p><strong><em>(Fonte: TVTEC\/Imagem: Globo Rep\u00f3rter)<\/em><\/strong><\/p>\n","protected":false},"excerpt":{"rendered":"<p>Ser\u00e1 mostrada a import\u00e2ncia das borboletas para o meio ambiente, assim como uma flor diferente.<\/p>\n","protected":false},"author":25,"featured_media":82180,"comment_status":"closed","ping_status":"closed","sticky":false,"template":"","format":"standard","meta":{"footnotes":""},"categories":[3569,1],"tags":[],"class_list":["post-82178","post","type-post","status-publish","format-standard","has-post-thumbnail","hentry","category-meio-ambiente","category-noticias"],"_links":{"self":[{"href":"https:\/\/tvtecjundiai.com.br\/news\/wp-json\/wp\/v2\/posts\/82178","targetHints":{"allow":["GET"]}}],"collection":[{"href":"https:\/\/tvtecjundiai.com.br\/news\/wp-json\/wp\/v2\/posts"}],"about":[{"href":"https:\/\/tvtecjundiai.com.br\/news\/wp-json\/wp\/v2\/types\/post"}],"author":[{"embeddable":true,"href":"https:\/\/tvtecjundiai.com.br\/news\/wp-json\/wp\/v2\/users\/25"}],"replies":[{"embeddable":true,"href":"https:\/\/tvtecjundiai.com.br\/news\/wp-json\/wp\/v2\/comments?post=82178"}],"version-history":[{"count":2,"href":"https:\/\/tvtecjundiai.com.br\/news\/wp-json\/wp\/v2\/posts\/82178\/revisions"}],"predecessor-version":[{"id":82181,"href":"https:\/\/tvtecjundiai.com.br\/news\/wp-json\/wp\/v2\/posts\/82178\/revisions\/82181"}],"wp:featuredmedia":[{"embeddable":true,"href":"https:\/\/tvtecjundiai.com.br\/news\/wp-json\/wp\/v2\/media\/82180"}],"wp:attachment":[{"href":"https:\/\/tvtecjundiai.com.br\/news\/wp-json\/wp\/v2\/media?parent=82178"}],"wp:term":[{"taxonomy":"category","embeddable":true,"href":"https:\/\/tvtecjundiai.com.br\/news\/wp-json\/wp\/v2\/categories?post=82178"},{"taxonomy":"post_tag","embeddable":true,"href":"https:\/\/tvtecjundiai.com.br\/news\/wp-json\/wp\/v2\/tags?post=82178"}],"curies":[{"name":"wp","href":"https:\/\/api.w.org\/{rel}","templated":true}]}}