{"id":82246,"date":"2021-09-15T16:49:18","date_gmt":"2021-09-15T19:49:18","guid":{"rendered":"https:\/\/tvtecjundiai.com.br\/news\/?p=82246"},"modified":"2021-09-15T16:53:21","modified_gmt":"2021-09-15T19:53:21","slug":"aeroporto-de-jundiai-sedia-feira-aeroportuaria-1","status":"publish","type":"post","link":"https:\/\/tvtecjundiai.com.br\/news\/2021\/09\/15\/aeroporto-de-jundiai-sedia-feira-aeroportuaria-1\/","title":{"rendered":"Aeroporto de Jundia\u00ed sedia feira aeroportu\u00e1ria entre os dias 22 e 23 de setembro"},"content":{"rendered":"\n<p>Com apoio da Prefeitura de Jundia\u00ed, o Aeroporto de Jundia\u00ed sediar\u00e1 a primeira edi\u00e7\u00e3o do AVIATRADE, entre os dias 22 e 23 de setembro. O AVIATRADE \u00e9 um evento de avia\u00e7\u00e3o focado em aeronaves monomotor, leve e desportiva. Estar\u00e3o presentes na feira fabricantes de aeronaves, brokers, seguradoras, empresas de remodelagem de interiores de aeronaves, de hangaragem e representantes de toda a cadeia produtiva do setor e&nbsp;acontece no Hangar 1, no Aeroporto de Jundia\u00ed.<\/p>\n\n\n\n<p>O evento vai permitir que os visitantes conhe\u00e7am mais sobre avi\u00f4nicos, limpeza especializada, treinamento espec\u00edfico para a tripula\u00e7\u00e3o, contrata\u00e7\u00e3o de seguro, negocia\u00e7\u00e3o de inspe\u00e7\u00e3o pr\u00e9-compra e manuten\u00e7\u00f5es programadas, bem como outros servi\u00e7os, orientados para ajudar em uma compra segura de uma aeronave.&nbsp;O AVIATRADE deve reunir potenciais clientes, operadores e pilotos. O evento vai contar com uma \u00e1rea de 8 mil metros quadrados, incluindo p\u00e1tio de manobras. J\u00e1 est\u00e3o confirmadas 10 aeronaves expostas.<\/p>\n\n\n\n<p>\u201cEste evento \u00e9 importante para todos, pois movimenta a economia e traz para a possibilidade de um novo neg\u00f3cio para a cidade. Temos trabalhado para fomentar a economia e todo tipo de atividade. \u00c9 um mercado que est\u00e1 crescente no Brasil. \u00c9 uma honra para n\u00f3s receber um evento deste porte e colocar Jundia\u00ed como centro de um mercado t\u00e3o grandioso\u201d, explica o gestor de Desenvolvimento Econ\u00f4mico, Ci\u00eancia e Tecnologia (UGDECT), Cristiano Lopes.<\/p>\n\n\n\n<figure class=\"wp-block-image\"><img decoding=\"async\" src=\"https:\/\/jundiai.sp.gov.br\/noticias\/wp-content\/uploads\/sites\/32\/2021\/09\/aviatrade.jpeg\" alt=\"\" class=\"wp-image-276396\" \/><figcaption>Feira da Avia\u00e7\u00e3o ser\u00e1 realizada em Jundia\u00ed<\/figcaption><\/figure>\n\n\n\n<p>Empresas como a Cirrus, Plane, Timbro, Vulcanair, Baburich e Martes Updates &amp; Avionics j\u00e1 est\u00e3o confirmadas na feira. A organiza\u00e7\u00e3o est\u00e1 a cargo da G2C Events.<\/p>\n\n\n\n<p>\u201cO mercado est\u00e1 sedento por eventos, depois de tanto tempo com restri\u00e7\u00f5es, por isso a procura surpreendeu\u201d, disse Gledson Castro, diretor da G2C Events, organizadora do evento. Todos os protocolos sanit\u00e1rios recomendados pelas autoridades ser\u00e3o rigorosamente seguidos.<\/p>\n\n\n\n<p>Na \u00faltima ter\u00e7a-feira,&nbsp;Gledson Castro&nbsp;esteve na Unidade de Gest\u00e3o de Desenvolvimento Econ\u00f4mico, Ci\u00eancia e Tecnologia com o gestor Cristiano Lopes, o assessor especial de Coopera\u00e7\u00e3o Internacional da Prefeitura de Jundia\u00ed, Sami Mansour e o diretor de Fomento \u00e0 Ind\u00fastria, Gilson Pichioli.<\/p>\n\n\n\n<p><strong>(Fonte\/Imagem: Prefeitura de Jundia\u00ed)<\/strong><\/p>\n","protected":false},"excerpt":{"rendered":"<p>Empresas como a Cirrus, Plane, Timbro, Vulcanair, Baburich e Martes Updates &amp; Avionics j\u00e1 est\u00e3o confirmadas na feira.<\/p>\n","protected":false},"author":27,"featured_media":82247,"comment_status":"closed","ping_status":"closed","sticky":false,"template":"","format":"standard","meta":{"footnotes":""},"categories":[8356],"tags":[],"class_list":["post-82246","post","type-post","status-publish","format-standard","has-post-thumbnail","hentry","category-jundiai"],"_links":{"self":[{"href":"https:\/\/tvtecjundiai.com.br\/news\/wp-json\/wp\/v2\/posts\/82246","targetHints":{"allow":["GET"]}}],"collection":[{"href":"https:\/\/tvtecjundiai.com.br\/news\/wp-json\/wp\/v2\/posts"}],"about":[{"href":"https:\/\/tvtecjundiai.com.br\/news\/wp-json\/wp\/v2\/types\/post"}],"author":[{"embeddable":true,"href":"https:\/\/tvtecjundiai.com.br\/news\/wp-json\/wp\/v2\/users\/27"}],"replies":[{"embeddable":true,"href":"https:\/\/tvtecjundiai.com.br\/news\/wp-json\/wp\/v2\/comments?post=82246"}],"version-history":[{"count":2,"href":"https:\/\/tvtecjundiai.com.br\/news\/wp-json\/wp\/v2\/posts\/82246\/revisions"}],"predecessor-version":[{"id":82249,"href":"https:\/\/tvtecjundiai.com.br\/news\/wp-json\/wp\/v2\/posts\/82246\/revisions\/82249"}],"wp:featuredmedia":[{"embeddable":true,"href":"https:\/\/tvtecjundiai.com.br\/news\/wp-json\/wp\/v2\/media\/82247"}],"wp:attachment":[{"href":"https:\/\/tvtecjundiai.com.br\/news\/wp-json\/wp\/v2\/media?parent=82246"}],"wp:term":[{"taxonomy":"category","embeddable":true,"href":"https:\/\/tvtecjundiai.com.br\/news\/wp-json\/wp\/v2\/categories?post=82246"},{"taxonomy":"post_tag","embeddable":true,"href":"https:\/\/tvtecjundiai.com.br\/news\/wp-json\/wp\/v2\/tags?post=82246"}],"curies":[{"name":"wp","href":"https:\/\/api.w.org\/{rel}","templated":true}]}}