{"id":82254,"date":"2021-09-15T17:40:55","date_gmt":"2021-09-15T20:40:55","guid":{"rendered":"https:\/\/tvtecjundiai.com.br\/news\/?p=82254"},"modified":"2021-09-15T17:41:12","modified_gmt":"2021-09-15T20:41:12","slug":"covid-19-jundiai-convoca-atrasados-para-aplicacao-da-segunda-dose-ate-sabado-18","status":"publish","type":"post","link":"https:\/\/tvtecjundiai.com.br\/news\/2021\/09\/15\/covid-19-jundiai-convoca-atrasados-para-aplicacao-da-segunda-dose-ate-sabado-18\/","title":{"rendered":"COVID-19: Jundia\u00ed convoca atrasados para aplica\u00e7\u00e3o da segunda dose at\u00e9 s\u00e1bado (18)"},"content":{"rendered":"\n<p>Os cerca de 7,4 mil adultos que est\u00e3o com a segunda dose de vacina\u00e7\u00e3o contra a COVID-19 em atraso ter\u00e3o os dias 16 a 18 para completar a vacina\u00e7\u00e3o. \u00c9 essencial que as pessoas se atentem aos locais espec\u00edficos com a oferta da vacina. Quem est\u00e1 atrasado com a Astrazeneca ou Pfizer receber\u00e1 a dose Pfizer em polos espec\u00edficos. J\u00e1 quem est\u00e1 com atraso da Coronavac devem buscar a UBS mais pr\u00f3xima para o agendamento da aplica\u00e7\u00e3o.<\/p>\n\n\n\n<p>\u201cA quantidade de pessoas que ainda n\u00e3o buscaram pela segunda dose \u00e9 grande. Por isso \u00e9 essencial que aproveitem a convoca\u00e7\u00e3o entre quinta-feira (16) a s\u00e1bado (18), para a aplica\u00e7\u00e3o\u201d, comenta a enfermeira da Vigil\u00e2ncia Epidemiol\u00f3gica (VE) da Unidade de Gest\u00e3o de Promo\u00e7\u00e3o da Sa\u00fade (UGPS), Maria do Carmo Possidente.<\/p>\n\n\n\n<figure class=\"wp-block-image\"><img decoding=\"async\" src=\"https:\/\/jundiai.sp.gov.br\/noticias\/wp-content\/uploads\/sites\/32\/2021\/07\/vacinacao-covid-cece-benedito-de-lima-32-101.jpg\" alt=\"\" class=\"wp-image-273223\" \/><figcaption>Segunda dose para os atrasados poder\u00e1 ser recebida diretamente nos locais de aplica\u00e7\u00e3o destacados abaixo<\/figcaption><\/figure>\n\n\n\n<p><strong>Cronograma<\/strong><\/p>\n\n\n\n<p><strong>Atrasados Astrazeneca ou Pfizer<br><\/strong>Dias 16 a 17, das 8h30 \u00e0s 15h30: CECE Aramis Polli;<\/p>\n\n\n\n<p>Dia 18, das 8h30 \u00e0s 15h30: CEU das Artes, CECE Aramis Polli, CECE Dal Santo, Nova UBS Jardim do Lago, UBS Morada das Vinhas e UBS Novo Horizonte.<\/p>\n\n\n\n<p><strong>Atrasados Coronavac<br><\/strong>De 16 a 17, das 8h \u00e0s 16h: agendamento na UBS de refer\u00eancia.<\/p>\n\n\n\n<p>Essencial que a pessoa apresente a documenta\u00e7\u00e3o de identifica\u00e7\u00e3o com foto, CPF, comprovante de resid\u00eancia e o comprovante da primeira aplica\u00e7\u00e3o.<\/p>\n\n\n\n<p><em><strong>(Fonte\/Imagem: Prefeitura de Jundia\u00ed)<\/strong><\/em><\/p>\n","protected":false},"excerpt":{"rendered":"<p>Os cerca de 7,4 mil adultos est\u00e3o com a segunda dose de vacina\u00e7\u00e3o contra a COVID-19 em atraso.<\/p>\n","protected":false},"author":27,"featured_media":82255,"comment_status":"closed","ping_status":"closed","sticky":false,"template":"","format":"standard","meta":{"footnotes":""},"categories":[8356,2839],"tags":[],"class_list":["post-82254","post","type-post","status-publish","format-standard","has-post-thumbnail","hentry","category-jundiai","category-saude"],"_links":{"self":[{"href":"https:\/\/tvtecjundiai.com.br\/news\/wp-json\/wp\/v2\/posts\/82254","targetHints":{"allow":["GET"]}}],"collection":[{"href":"https:\/\/tvtecjundiai.com.br\/news\/wp-json\/wp\/v2\/posts"}],"about":[{"href":"https:\/\/tvtecjundiai.com.br\/news\/wp-json\/wp\/v2\/types\/post"}],"author":[{"embeddable":true,"href":"https:\/\/tvtecjundiai.com.br\/news\/wp-json\/wp\/v2\/users\/27"}],"replies":[{"embeddable":true,"href":"https:\/\/tvtecjundiai.com.br\/news\/wp-json\/wp\/v2\/comments?post=82254"}],"version-history":[{"count":1,"href":"https:\/\/tvtecjundiai.com.br\/news\/wp-json\/wp\/v2\/posts\/82254\/revisions"}],"predecessor-version":[{"id":82256,"href":"https:\/\/tvtecjundiai.com.br\/news\/wp-json\/wp\/v2\/posts\/82254\/revisions\/82256"}],"wp:featuredmedia":[{"embeddable":true,"href":"https:\/\/tvtecjundiai.com.br\/news\/wp-json\/wp\/v2\/media\/82255"}],"wp:attachment":[{"href":"https:\/\/tvtecjundiai.com.br\/news\/wp-json\/wp\/v2\/media?parent=82254"}],"wp:term":[{"taxonomy":"category","embeddable":true,"href":"https:\/\/tvtecjundiai.com.br\/news\/wp-json\/wp\/v2\/categories?post=82254"},{"taxonomy":"post_tag","embeddable":true,"href":"https:\/\/tvtecjundiai.com.br\/news\/wp-json\/wp\/v2\/tags?post=82254"}],"curies":[{"name":"wp","href":"https:\/\/api.w.org\/{rel}","templated":true}]}}