{"id":82261,"date":"2021-09-16T09:20:26","date_gmt":"2021-09-16T12:20:26","guid":{"rendered":"https:\/\/tvtecjundiai.com.br\/news\/?p=82261"},"modified":"2021-09-16T09:21:04","modified_gmt":"2021-09-16T12:21:04","slug":"jundiai-desenvolve-projeto-piloto-de-floresta-urbana","status":"publish","type":"post","link":"https:\/\/tvtecjundiai.com.br\/news\/2021\/09\/16\/jundiai-desenvolve-projeto-piloto-de-floresta-urbana\/","title":{"rendered":"Jundia\u00ed desenvolve projeto piloto de Floresta Urbana"},"content":{"rendered":"\n<p>Com o objetivo comentar em Jundia\u00ed, por meio de modelo estabelecido, a implanta\u00e7\u00e3o de \u00e1reas verdes de m\u00faltiplos usos em diversos espa\u00e7os, sejam p\u00fablicos ou privados, e ampliar a conscientiza\u00e7\u00e3o da popula\u00e7\u00e3o da import\u00e2ncia da presen\u00e7a de \u00e1reas urbanas arborizadas e planejadas, a Unidade de Gest\u00e3o de Planejamento Urbano e Meio Ambiente (UGPUMA) desenvolve o projeto Piloto de Floresta Urbana.\u00a0<\/p>\n\n\n\n<p>\u201cA preserva\u00e7\u00e3o de \u00e1reas urbanas arborizadas e planejadas \u00e9 de suma necessidade e promove a constru\u00e7\u00e3o conjunta de diversas solu\u00e7\u00f5es socioambientais. Em Jundia\u00ed, a implanta\u00e7\u00e3o do Piloto de Floresta Urbana est\u00e1 na Avenida Liberdade, que d\u00e1 acesso ao Pa\u00e7o Municipal, via de grande movimento e simbologia para a cidade\u201d, conta o diretor de Meio Ambiente da UGPUMA, Wagner Paiva.&nbsp;<\/p>\n\n\n\n<p>A Floresta Urbana representa um referencial urban\u00edstico com importante car\u00e1ter social, pol\u00edtico, econ\u00f4mico e arquitet\u00f4nico. \u201cAl\u00e9m de desempenhar condi\u00e7\u00f5es e propriedades de uma estrutura arquitet\u00f4nica vegetal, possui importantes atributos hist\u00f3ricos, art\u00edsticos e paisag\u00edsticos. Mas, quando se encontra inserida na malha urbanizada, enfrenta dif\u00edceis condi\u00e7\u00f5es de sobreviv\u00eancia, embora haja reconhecimento que a massa vegetal serve diariamente \u00e0s pessoas que buscam um contato com a natureza, ao realizarem suas atividades urbanas.\u201d, explica Paiva.<\/p>\n\n\n\n<p>S\u00e3o duas categorias de Florestas Urbanas, a primeira pertencendo ao setor privado e a outra ao setor p\u00fablico. Ambas s\u00e3o interligadas e agregadas aos elementos f\u00edsicos. S\u00e3o sujeitas a fun\u00e7\u00e3o do espa\u00e7o, popula\u00e7\u00e3o biol\u00f3gica, valores socioecon\u00f4micos e condi\u00e7\u00f5es geoambientais.<\/p>\n\n\n\n<div class=\"wp-block-image\"><figure class=\"aligncenter size-large\"><img loading=\"lazy\" decoding=\"async\" width=\"1200\" height=\"800\" src=\"https:\/\/tvtecjundiai.com.br\/news\/wp-content\/uploads\/sites\/2\/2021\/09\/arvores_alameda_paco-5-1200x800.jpg\" alt=\"\" class=\"wp-image-82262\" srcset=\"https:\/\/tvtecjundiai.com.br\/news\/wp-content\/uploads\/sites\/2\/2021\/09\/arvores_alameda_paco-5-1200x800.jpg 1200w, https:\/\/tvtecjundiai.com.br\/news\/wp-content\/uploads\/sites\/2\/2021\/09\/arvores_alameda_paco-5-300x200.jpg 300w, https:\/\/tvtecjundiai.com.br\/news\/wp-content\/uploads\/sites\/2\/2021\/09\/arvores_alameda_paco-5-768x512.jpg 768w, https:\/\/tvtecjundiai.com.br\/news\/wp-content\/uploads\/sites\/2\/2021\/09\/arvores_alameda_paco-5.jpg 1280w\" sizes=\"auto, (max-width: 1200px) 100vw, 1200px\" \/><figcaption>Projeto Piloto de Floresta Urbana \u00e9 realizado na Avenida Liberdade<\/figcaption><\/figure><\/div>\n\n\n\n<p><strong><em>(Fonte\/Imagem: Prefeitura de Jundia\u00ed)<\/em><\/strong><\/p>\n","protected":false},"excerpt":{"rendered":"<p>O projeto representa um referencial urban\u00edstico com importante car\u00e1ter social, pol\u00edtico e econ\u00f4mico.<\/p>\n","protected":false},"author":25,"featured_media":82262,"comment_status":"closed","ping_status":"closed","sticky":false,"template":"","format":"standard","meta":{"footnotes":""},"categories":[3569,1],"tags":[],"class_list":["post-82261","post","type-post","status-publish","format-standard","has-post-thumbnail","hentry","category-meio-ambiente","category-noticias"],"_links":{"self":[{"href":"https:\/\/tvtecjundiai.com.br\/news\/wp-json\/wp\/v2\/posts\/82261","targetHints":{"allow":["GET"]}}],"collection":[{"href":"https:\/\/tvtecjundiai.com.br\/news\/wp-json\/wp\/v2\/posts"}],"about":[{"href":"https:\/\/tvtecjundiai.com.br\/news\/wp-json\/wp\/v2\/types\/post"}],"author":[{"embeddable":true,"href":"https:\/\/tvtecjundiai.com.br\/news\/wp-json\/wp\/v2\/users\/25"}],"replies":[{"embeddable":true,"href":"https:\/\/tvtecjundiai.com.br\/news\/wp-json\/wp\/v2\/comments?post=82261"}],"version-history":[{"count":2,"href":"https:\/\/tvtecjundiai.com.br\/news\/wp-json\/wp\/v2\/posts\/82261\/revisions"}],"predecessor-version":[{"id":82264,"href":"https:\/\/tvtecjundiai.com.br\/news\/wp-json\/wp\/v2\/posts\/82261\/revisions\/82264"}],"wp:featuredmedia":[{"embeddable":true,"href":"https:\/\/tvtecjundiai.com.br\/news\/wp-json\/wp\/v2\/media\/82262"}],"wp:attachment":[{"href":"https:\/\/tvtecjundiai.com.br\/news\/wp-json\/wp\/v2\/media?parent=82261"}],"wp:term":[{"taxonomy":"category","embeddable":true,"href":"https:\/\/tvtecjundiai.com.br\/news\/wp-json\/wp\/v2\/categories?post=82261"},{"taxonomy":"post_tag","embeddable":true,"href":"https:\/\/tvtecjundiai.com.br\/news\/wp-json\/wp\/v2\/tags?post=82261"}],"curies":[{"name":"wp","href":"https:\/\/api.w.org\/{rel}","templated":true}]}}