{"id":82294,"date":"2021-09-16T16:45:57","date_gmt":"2021-09-16T19:45:57","guid":{"rendered":"https:\/\/tvtecjundiai.com.br\/news\/?p=82294"},"modified":"2021-09-16T16:46:26","modified_gmt":"2021-09-16T19:46:26","slug":"jundiai-registra-um-obito-e-58-novos-casos-de-covid-19-nesta-quinta-feira-16","status":"publish","type":"post","link":"https:\/\/tvtecjundiai.com.br\/news\/2021\/09\/16\/jundiai-registra-um-obito-e-58-novos-casos-de-covid-19-nesta-quinta-feira-16\/","title":{"rendered":"Jundia\u00ed registra um \u00f3bito e 58 novos casos de COVID-19 nesta quinta-feira (16)"},"content":{"rendered":"\n<p>A Prefeitura de Jundia\u00ed informa que, nesta quinta-feira (16), recebemos uma notifica\u00e7\u00e3o de \u00f3bito de residentes na cidade causados pelo Novo Coronav\u00edrus, at\u00e9 o fechamento deste boletim.<\/p>\n\n\n\n<p>Homem, 84 anos, portador de doen\u00e7a cardiovascular cr\u00f4nica e neoplasia. Internou 05\/09 e faleceu 15\/09 no hospital S\u00e3o Vicente.<\/p>\n\n\n\n<p>At\u00e9 o momento, a cidade registra 1580 \u00f3bitos causados pela COVID-19 desde o in\u00edcio da pandemia.<\/p>\n\n\n\n<p><\/p>\n\n\n\n<figure class=\"wp-block-image\"><img decoding=\"async\" src=\"https:\/\/jundiai.sp.gov.br\/noticias\/wp-content\/uploads\/sites\/32\/2021\/09\/slide1-14-960x960.png\" alt=\"\" class=\"wp-image-276493\" \/><\/figure>\n\n\n\n<figure class=\"wp-block-image\"><img decoding=\"async\" src=\"https:\/\/jundiai.sp.gov.br\/noticias\/wp-content\/uploads\/sites\/32\/2021\/09\/slide2-11-960x960.png\" alt=\"\" class=\"wp-image-276494\" \/><\/figure>\n","protected":false},"excerpt":{"rendered":"<p>A cidade registra 1580 \u00f3bitos causados pela COVID-19 desde o in\u00edcio da pandemia.<\/p>\n","protected":false},"author":27,"featured_media":68134,"comment_status":"closed","ping_status":"closed","sticky":false,"template":"","format":"standard","meta":{"footnotes":""},"categories":[8356,8355],"tags":[],"class_list":["post-82294","post","type-post","status-publish","format-standard","has-post-thumbnail","hentry","category-jundiai","category-saude-3"],"_links":{"self":[{"href":"https:\/\/tvtecjundiai.com.br\/news\/wp-json\/wp\/v2\/posts\/82294","targetHints":{"allow":["GET"]}}],"collection":[{"href":"https:\/\/tvtecjundiai.com.br\/news\/wp-json\/wp\/v2\/posts"}],"about":[{"href":"https:\/\/tvtecjundiai.com.br\/news\/wp-json\/wp\/v2\/types\/post"}],"author":[{"embeddable":true,"href":"https:\/\/tvtecjundiai.com.br\/news\/wp-json\/wp\/v2\/users\/27"}],"replies":[{"embeddable":true,"href":"https:\/\/tvtecjundiai.com.br\/news\/wp-json\/wp\/v2\/comments?post=82294"}],"version-history":[{"count":1,"href":"https:\/\/tvtecjundiai.com.br\/news\/wp-json\/wp\/v2\/posts\/82294\/revisions"}],"predecessor-version":[{"id":82295,"href":"https:\/\/tvtecjundiai.com.br\/news\/wp-json\/wp\/v2\/posts\/82294\/revisions\/82295"}],"wp:featuredmedia":[{"embeddable":true,"href":"https:\/\/tvtecjundiai.com.br\/news\/wp-json\/wp\/v2\/media\/68134"}],"wp:attachment":[{"href":"https:\/\/tvtecjundiai.com.br\/news\/wp-json\/wp\/v2\/media?parent=82294"}],"wp:term":[{"taxonomy":"category","embeddable":true,"href":"https:\/\/tvtecjundiai.com.br\/news\/wp-json\/wp\/v2\/categories?post=82294"},{"taxonomy":"post_tag","embeddable":true,"href":"https:\/\/tvtecjundiai.com.br\/news\/wp-json\/wp\/v2\/tags?post=82294"}],"curies":[{"name":"wp","href":"https:\/\/api.w.org\/{rel}","templated":true}]}}