{"id":82317,"date":"2021-09-17T10:28:01","date_gmt":"2021-09-17T13:28:01","guid":{"rendered":"https:\/\/tvtecjundiai.com.br\/news\/?p=82317"},"modified":"2021-09-17T10:28:04","modified_gmt":"2021-09-17T13:28:04","slug":"guarda-civil-de-sao-bernardo-do-campo-busca-modelo-da-patrulha-guardia-maria-da-penha","status":"publish","type":"post","link":"https:\/\/tvtecjundiai.com.br\/news\/2021\/09\/17\/guarda-civil-de-sao-bernardo-do-campo-busca-modelo-da-patrulha-guardia-maria-da-penha\/","title":{"rendered":"Guarda Civil de S\u00e3o Bernardo do Campo busca modelo da Patrulha Guardi\u00e3 Maria da Penha"},"content":{"rendered":"\n<p>Representantes da Guarda Civil Municipal (GCM) de S\u00e3o Bernardo do Campo (S\u00e3o Paulo) visitaram nesta quinta-feira (16) a Unidade de Gest\u00e3o de Seguran\u00e7a Municipal (UGSM), no Complexo Fepasa. Entre os v\u00e1rios assuntos discutidos, a pauta principal do encontro foi o trabalho desenvolvido pela Patrulha Guardi\u00e3 Maria da Penha da Guarda Municipal de Jundia\u00ed (GMJ), em cujo modelo a corpora\u00e7\u00e3o do Munic\u00edpio do ABC Paulista tem interesse para aplica\u00e7\u00e3o junto a seus agentes.<\/p>\n\n\n\n<p>O subcomandante Le\u00e3o, da GCM de S\u00e3o Bernardo do Campo, explica que \u201co modelo da GMJ foi escolhido pelo excelente trabalho que tem realizado junto a mulheres em vulnerabilidade\u201d. E acrescenta \u201cA lei j\u00e1 foi aprovada na C\u00e2mara Municipal. Agora estamos no aguardo do Minist\u00e9rio P\u00fablico para iniciarmos as tratativas com os \u00f3rg\u00e3os envolvidos\u201d.<\/p>\n\n\n\n<p>Refer\u00eancia na regi\u00e3o, o programa da GMJ foi criado em julho de 2019 e atua no acompanhamento de mulheres v\u00edtimas de viol\u00eancia dom\u00e9stica com medidas protetivas. Segundo n\u00fameros da UGSM, houve uma redu\u00e7\u00e3o de 17,5% medidas protetivas encaminhadas para a GMJ no per\u00edodo, de 177 no primeiro semestre de 2020 para 146 no mesmo per\u00edodo deste ano.<\/p>\n\n\n\n<figure class=\"wp-block-image\"><img decoding=\"async\" src=\"https:\/\/jundiai.sp.gov.br\/noticias\/wp-content\/uploads\/sites\/32\/2021\/09\/gcm_sao_bernardo_patrulha_guardia.jpg\" alt=\"Tr\u00eas homens e uma mulher, com uniformes de policiais e usando m\u00e1scaras, em frente a um muro com banner com mosaico de bras\u00f5es\" class=\"wp-image-276521\" \/><figcaption>GMJ apresentou o programa municipal aos representantes da Guarda Civil do Munic\u00edpio do ABC Paulista<\/figcaption><\/figure>\n\n\n\n<p>O subcomandante da GMJ, Sandro Vilas Boas, que interinamente ocupa o cargo de comandante da corpora\u00e7\u00e3o, explica que \u201ca atua\u00e7\u00e3o tem sido fundamental na prote\u00e7\u00e3o dessas mulheres. Os acompanhamentos s\u00e3o realizados diariamente, de modo alinhado com o Minist\u00e9rio P\u00fablico (MP)\u201d.<\/p>\n\n\n\n<p>A chefe da equipe que integra o programa, subinspetora da GMJ Arlete Leite, compartilhou com os visitantes o funcionamento da Patrulha. \u201cO programa \u00e9 de nossa execu\u00e7\u00e3o, com idealiza\u00e7\u00e3o do MP, importante parceiro, que determina a import\u00e2ncia do sigilo das v\u00edtimas, com quem as equipes realizam rondas e entrevistas constantes. Deixamos tamb\u00e9m um contato direto para a v\u00edtima, para que entrem em contato em caso de urg\u00eancia\u201d.<\/p>\n\n\n\n<p>Junto com o subcomandante Le\u00e3o da GCM, tamb\u00e9m acompanharam a visita o inspetor-chefe Everton, al\u00e9m dos guardas 1\u00aa Classe Anderson Oliveira e 2\u00aa Classe Jo\u00e3o de Deus.<\/p>\n\n\n\n<p><em><strong>(Fonte\/Imagem: Prefeitura de Jundia\u00ed)<\/strong><\/em><\/p>\n","protected":false},"excerpt":{"rendered":"<p>Refer\u00eancia na regi\u00e3o, o programa da GMJ atua no acompanhamento de mulheres v\u00edtimas de viol\u00eancias.<\/p>\n","protected":false},"author":27,"featured_media":82318,"comment_status":"closed","ping_status":"closed","sticky":false,"template":"","format":"standard","meta":{"footnotes":""},"categories":[8356,4831],"tags":[],"class_list":["post-82317","post","type-post","status-publish","format-standard","has-post-thumbnail","hentry","category-jundiai","category-seguranca"],"_links":{"self":[{"href":"https:\/\/tvtecjundiai.com.br\/news\/wp-json\/wp\/v2\/posts\/82317","targetHints":{"allow":["GET"]}}],"collection":[{"href":"https:\/\/tvtecjundiai.com.br\/news\/wp-json\/wp\/v2\/posts"}],"about":[{"href":"https:\/\/tvtecjundiai.com.br\/news\/wp-json\/wp\/v2\/types\/post"}],"author":[{"embeddable":true,"href":"https:\/\/tvtecjundiai.com.br\/news\/wp-json\/wp\/v2\/users\/27"}],"replies":[{"embeddable":true,"href":"https:\/\/tvtecjundiai.com.br\/news\/wp-json\/wp\/v2\/comments?post=82317"}],"version-history":[{"count":1,"href":"https:\/\/tvtecjundiai.com.br\/news\/wp-json\/wp\/v2\/posts\/82317\/revisions"}],"predecessor-version":[{"id":82319,"href":"https:\/\/tvtecjundiai.com.br\/news\/wp-json\/wp\/v2\/posts\/82317\/revisions\/82319"}],"wp:featuredmedia":[{"embeddable":true,"href":"https:\/\/tvtecjundiai.com.br\/news\/wp-json\/wp\/v2\/media\/82318"}],"wp:attachment":[{"href":"https:\/\/tvtecjundiai.com.br\/news\/wp-json\/wp\/v2\/media?parent=82317"}],"wp:term":[{"taxonomy":"category","embeddable":true,"href":"https:\/\/tvtecjundiai.com.br\/news\/wp-json\/wp\/v2\/categories?post=82317"},{"taxonomy":"post_tag","embeddable":true,"href":"https:\/\/tvtecjundiai.com.br\/news\/wp-json\/wp\/v2\/tags?post=82317"}],"curies":[{"name":"wp","href":"https:\/\/api.w.org\/{rel}","templated":true}]}}