{"id":82336,"date":"2021-09-17T12:40:28","date_gmt":"2021-09-17T15:40:28","guid":{"rendered":"https:\/\/tvtecjundiai.com.br\/news\/?p=82336"},"modified":"2021-09-17T12:40:34","modified_gmt":"2021-09-17T15:40:34","slug":"jundiai-alcanca-66-da-populacao-adulta-com-duas-doses-de-vacinas-contra-covid-19","status":"publish","type":"post","link":"https:\/\/tvtecjundiai.com.br\/news\/2021\/09\/17\/jundiai-alcanca-66-da-populacao-adulta-com-duas-doses-de-vacinas-contra-covid-19\/","title":{"rendered":"Jundia\u00ed alcan\u00e7a 66% da popula\u00e7\u00e3o adulta com duas doses de vacinas contra COVID-19"},"content":{"rendered":"\n<p>Dos 426.935 habitantes de Jundia\u00ed projetados pelo Instituto Brasileiro de Geografia e Estat\u00edstica (IBGE), cerca de 340 mil s\u00e3o pessoas com 18 anos ou mais. Desse quantitativo, 225,9 mil j\u00e1 receberam as duas doses de vacinas contra a COVID-19, perfazendo o total de 66,8% das pessoas com 18 anos ou mais com o esquema completo de vacina\u00e7\u00e3o contra o v\u00edrus Sars-CoV-2. A cidade ainda aguarda a libera\u00e7\u00e3o de cerca de 20 mil doses para in\u00edcio da vacina\u00e7\u00e3o dos adultos que ainda n\u00e3o receberam a primeira dose da vacina.<\/p>\n\n\n\n<p>De acordo com dados do site VacinaJ\u00e1 do Governo do Estado de S\u00e3o Paulo, at\u00e9 a quinta-feira (16), 556.373 doses foram aplicadas na cidade, sendo 326,8 mil em primeira dose, 216,1 mil em segunda dose e 11,2 mil em dose \u00fanica e 2,1 mil em terceira dose. Em percentual, 66,8% do p\u00fablico adulto, ou seja, com 18 anos ou mais, j\u00e1 tomaram duas doses ou a dose \u00fanica da vacina\u00e7\u00e3o.<\/p>\n\n\n\n<figure class=\"wp-block-image\"><img decoding=\"async\" src=\"https:\/\/jundiai.sp.gov.br\/noticias\/wp-content\/uploads\/sites\/32\/2021\/09\/vacinacao-covid-ubs-agapeama_repescagem-30.jpg\" alt=\"\" class=\"wp-image-276530\" \/><\/figure>\n\n\n\n<p>\u201cCom os n\u00fameros positivos na vacina\u00e7\u00e3o, o impacto \u00e9 direto na redu\u00e7\u00e3o no n\u00famero de mortes e de casos graves da COVID-19. Jundia\u00ed teve e tem, gest\u00e3o eficiente no enfrentamento \u00e0 pandemia\u201d, comenta o prefeito Luiz Fernando Machado, lembrando que a cidade registra queda no uso de leitos exclusivos COVID-19 h\u00e1 13 semanas consecutivas no Hospital S\u00e3o Vicente de Paulo (HSV).<\/p>\n\n\n\n<p>Jundia\u00ed tem 79% de toda a popula\u00e7\u00e3o j\u00e1 iniciada no esquema vacinal, ou seja, com ao menos uma dose aplicada. Somente entre a popula\u00e7\u00e3o adulta (cerca de 340 mil pessoas), seguimos para alcan\u00e7ar o percentual de 70% da popula\u00e7\u00e3o com o esquema completo previsto pelos laborat\u00f3rios.<\/p>\n\n\n\n<p>De acordo com dados da Unidade de Gest\u00e3o de Promo\u00e7\u00e3o da Sa\u00fade (UGPS), a cidade precisa de 20 mil doses para completar os adultos que ainda n\u00e3o receberam a primeira aplica\u00e7\u00e3o de vacina contra a COVID-19. \u201cA solicita\u00e7\u00e3o \u00e9 feita reiteradamente junto aos \u00f3rg\u00e3os competentes. Assim que liberadas e encaminhadas para a cidade, as doses para o complemento desta popula\u00e7\u00e3o ser\u00e3o disponibilizadas para agendamento, comenta o gestor da UGPS, Tiago Texera.<\/p>\n\n\n\n<p><em><strong>(Fonte\/Imagem: Prefeitura de Jundia\u00ed)<\/strong><\/em><\/p>\n","protected":false},"excerpt":{"rendered":"<p>Desse quantitativo, 225,9 mil j\u00e1 receberam as duas doses de vacinas contra a COVID-19<\/p>\n","protected":false},"author":24,"featured_media":82337,"comment_status":"closed","ping_status":"closed","sticky":false,"template":"","format":"standard","meta":{"footnotes":""},"categories":[8356,8355],"tags":[],"class_list":["post-82336","post","type-post","status-publish","format-standard","has-post-thumbnail","hentry","category-jundiai","category-saude-3"],"_links":{"self":[{"href":"https:\/\/tvtecjundiai.com.br\/news\/wp-json\/wp\/v2\/posts\/82336","targetHints":{"allow":["GET"]}}],"collection":[{"href":"https:\/\/tvtecjundiai.com.br\/news\/wp-json\/wp\/v2\/posts"}],"about":[{"href":"https:\/\/tvtecjundiai.com.br\/news\/wp-json\/wp\/v2\/types\/post"}],"author":[{"embeddable":true,"href":"https:\/\/tvtecjundiai.com.br\/news\/wp-json\/wp\/v2\/users\/24"}],"replies":[{"embeddable":true,"href":"https:\/\/tvtecjundiai.com.br\/news\/wp-json\/wp\/v2\/comments?post=82336"}],"version-history":[{"count":1,"href":"https:\/\/tvtecjundiai.com.br\/news\/wp-json\/wp\/v2\/posts\/82336\/revisions"}],"predecessor-version":[{"id":82338,"href":"https:\/\/tvtecjundiai.com.br\/news\/wp-json\/wp\/v2\/posts\/82336\/revisions\/82338"}],"wp:featuredmedia":[{"embeddable":true,"href":"https:\/\/tvtecjundiai.com.br\/news\/wp-json\/wp\/v2\/media\/82337"}],"wp:attachment":[{"href":"https:\/\/tvtecjundiai.com.br\/news\/wp-json\/wp\/v2\/media?parent=82336"}],"wp:term":[{"taxonomy":"category","embeddable":true,"href":"https:\/\/tvtecjundiai.com.br\/news\/wp-json\/wp\/v2\/categories?post=82336"},{"taxonomy":"post_tag","embeddable":true,"href":"https:\/\/tvtecjundiai.com.br\/news\/wp-json\/wp\/v2\/tags?post=82336"}],"curies":[{"name":"wp","href":"https:\/\/api.w.org\/{rel}","templated":true}]}}