{"id":82345,"date":"2021-09-17T14:16:20","date_gmt":"2021-09-17T17:16:20","guid":{"rendered":"https:\/\/tvtecjundiai.com.br\/news\/?p=82345"},"modified":"2021-09-17T14:16:26","modified_gmt":"2021-09-17T17:16:26","slug":"oficina-preparatoria-para-a-operacao-estiagem-esta-com-as-inscricoes-abertas","status":"publish","type":"post","link":"https:\/\/tvtecjundiai.com.br\/news\/2021\/09\/17\/oficina-preparatoria-para-a-operacao-estiagem-esta-com-as-inscricoes-abertas\/","title":{"rendered":"Oficina preparat\u00f3ria para a Opera\u00e7\u00e3o Estiagem est\u00e1 com as inscri\u00e7\u00f5es abertas"},"content":{"rendered":"\n<p>A Defesa Civil de Jundia\u00ed, integrante da Coordena\u00e7\u00e3o da Defesa Civil de S\u00e3o Paulo, informa que est\u00e3o abertas as inscri\u00e7\u00f5es para o Curso \u201c Oficina Preparat\u00f3ria para Opera\u00e7\u00e3o Estiagem 2021.\u201d O curso \u00e9 100% on-line com carga hor\u00e1ria de 12 horas. As inscri\u00e7\u00f5es poder\u00e3o ser realizadas atrav\u00e9s do link: https:\/\/ead.defesacivil.sp.gov.br\/ e dever\u00e1 ser conclu\u00edda at\u00e9 o dia 30\/09\/2021.<\/p>\n\n\n\n<p>O treinamento \u00e9 realizado pela Defesa Civil Estadual e explanar\u00e1 sobre temas de interesse para a constru\u00e7\u00e3o de rede de preven\u00e7\u00e3o de riscos e de desastres, ensinando aos participantes a utilizarem as ferramentas existentes, como: legisla\u00e7\u00e3o aplicada \u00e0 prote\u00e7\u00e3o e defesa civil e de meio ambiente, orienta\u00e7\u00f5es sobre a Opera\u00e7\u00e3o Corta Fogo, o uso de aeronaves no combate a inc\u00eandios em coberturas vegetais, funcionamento dos sistemas de alertas e ferramentas de monitoramento meteorol\u00f3gico.<\/p>\n\n\n\n<p>\u00c0queles que conclu\u00edrem o curso, com o aproveitamento m\u00ednimo exigido, ser\u00e1 fornecido Certificado de Conclus\u00e3o, cuja c\u00f3pia dever\u00e1 ser encaminhada \u00e0 Defesa Civil, atrav\u00e9s do e-mail defesacivil@jundiai.sp.gov.br para registro e arquivo da Defesa Civil Municipal.<\/p>\n\n\n\n<p>\u201cA Defesa Civil de Jundia\u00ed refor\u00e7a que o curso \u00e9 aberto a toda sociedade e que as informa\u00e7\u00f5es passadas no curso s\u00e3o de grande import\u00e2ncia e de interesse, o que torna importante que o maior n\u00famero de pessoas realize o curso\u201d, comenta o coronel e comandante da Defesa Civil de Jundia\u00ed, Jo\u00e3o Os\u00f3rio Gimenez.<\/p>\n\n\n\n<p>Informa\u00e7\u00f5es adicionais podem ser obtidas pelo telefone (11) 4586-0666, das 8h \u00e0s 17h, de segunda a sexta-feira.<\/p>\n\n\n\n<p><em><strong>(Fonte\/Imagem: Prefeitura de Jundia\u00ed)<\/strong><\/em><\/p>\n","protected":false},"excerpt":{"rendered":"<p>queles que conclu\u00edrem o curso, com o aproveitamento m\u00ednimo exigido, ser\u00e1 fornecido Certificado<\/p>\n","protected":false},"author":24,"featured_media":82348,"comment_status":"closed","ping_status":"closed","sticky":false,"template":"","format":"standard","meta":{"footnotes":""},"categories":[8356],"tags":[],"class_list":["post-82345","post","type-post","status-publish","format-standard","has-post-thumbnail","hentry","category-jundiai"],"_links":{"self":[{"href":"https:\/\/tvtecjundiai.com.br\/news\/wp-json\/wp\/v2\/posts\/82345","targetHints":{"allow":["GET"]}}],"collection":[{"href":"https:\/\/tvtecjundiai.com.br\/news\/wp-json\/wp\/v2\/posts"}],"about":[{"href":"https:\/\/tvtecjundiai.com.br\/news\/wp-json\/wp\/v2\/types\/post"}],"author":[{"embeddable":true,"href":"https:\/\/tvtecjundiai.com.br\/news\/wp-json\/wp\/v2\/users\/24"}],"replies":[{"embeddable":true,"href":"https:\/\/tvtecjundiai.com.br\/news\/wp-json\/wp\/v2\/comments?post=82345"}],"version-history":[{"count":1,"href":"https:\/\/tvtecjundiai.com.br\/news\/wp-json\/wp\/v2\/posts\/82345\/revisions"}],"predecessor-version":[{"id":82349,"href":"https:\/\/tvtecjundiai.com.br\/news\/wp-json\/wp\/v2\/posts\/82345\/revisions\/82349"}],"wp:featuredmedia":[{"embeddable":true,"href":"https:\/\/tvtecjundiai.com.br\/news\/wp-json\/wp\/v2\/media\/82348"}],"wp:attachment":[{"href":"https:\/\/tvtecjundiai.com.br\/news\/wp-json\/wp\/v2\/media?parent=82345"}],"wp:term":[{"taxonomy":"category","embeddable":true,"href":"https:\/\/tvtecjundiai.com.br\/news\/wp-json\/wp\/v2\/categories?post=82345"},{"taxonomy":"post_tag","embeddable":true,"href":"https:\/\/tvtecjundiai.com.br\/news\/wp-json\/wp\/v2\/tags?post=82345"}],"curies":[{"name":"wp","href":"https:\/\/api.w.org\/{rel}","templated":true}]}}