{"id":82369,"date":"2021-09-18T16:56:56","date_gmt":"2021-09-18T19:56:56","guid":{"rendered":"https:\/\/tvtecjundiai.com.br\/news\/?p=82369"},"modified":"2021-09-18T16:57:01","modified_gmt":"2021-09-18T19:57:01","slug":"plano-de-acao-e-colocado-em-pratica-na-ponte-sao-joao-em-jundiai","status":"publish","type":"post","link":"https:\/\/tvtecjundiai.com.br\/news\/2021\/09\/18\/plano-de-acao-e-colocado-em-pratica-na-ponte-sao-joao-em-jundiai\/","title":{"rendered":"Plano de A\u00e7\u00e3o \u00e9 colocado em pr\u00e1tica na Ponte S\u00e3o Jo\u00e3o  em Jundia\u00ed"},"content":{"rendered":"\n<p>O Plano de A\u00e7\u00e3o de Revitaliza\u00e7\u00e3o da Regi\u00e3o da Ponte S\u00e3o Jo\u00e3o foi apresentado oficialmente \u00e0 popula\u00e7\u00e3o da Regi\u00e3o da Ponte S\u00e3o Jo\u00e3o nesta semana e tem como objetivo aumentar a presen\u00e7a do poder p\u00fablico no bairro, al\u00e9m de levar servi\u00e7os p\u00fablicos que contribuam para reduzir a criminalidade. Algumas a\u00e7\u00f5es j\u00e1 est\u00e3o implantadas, outras em andamento e previstas para sa\u00edrem do papel a m\u00e9dio e longo prazo.<\/p>\n\n\n\n<p>Entre as medidas implantadas est\u00e3o o Programa Bairro Seguro (com uma Base M\u00f3vel da Guarda Municipal, duas viaturas destacadas unicamente para o bairro e 11 c\u00e2meras de videomonitoramento). Em 2022 ser\u00e3o instaladas mais 12 c\u00e2meras na Ponte e bairros adjacentes. No per\u00edodo de janeiro de 2020 a junho de 2021, a GMJ realizou 1045 opera\u00e7\u00f5es no bairro da Ponte S\u00e3o Jo\u00e3o.&nbsp;<\/p>\n\n\n\n<figure class=\"wp-block-image\"><img decoding=\"async\" src=\"https:\/\/jundiai.sp.gov.br\/noticias\/wp-content\/uploads\/sites\/32\/2021\/09\/reuniao-ponte-sao-joao-7-1.jpg\" alt=\"\" class=\"wp-image-276587\" \/><figcaption>Popula\u00e7\u00e3o e autoridades acompanham apresenta\u00e7\u00e3o do Plano de A\u00e7\u00e3o, na \u00faltima ter\u00e7a-feira (14), na Ponte S\u00e3o Jo\u00e3o<\/figcaption><\/figure>\n\n\n\n<p>Tamb\u00e9m comp\u00f5em o trabalho o chamado senso da popula\u00e7\u00e3o em situa\u00e7\u00e3o de rua para a elabora\u00e7\u00e3o de um diagn\u00f3stico (veja abaixo), o fechamento de com\u00e9rcios irregulares que compram ferro-velho e sucata (veja abaixo), a pavimenta\u00e7\u00e3o e a instala\u00e7\u00e3o de sete postes de ilumina\u00e7\u00e3o na avenida Hospe di Fiore (em 3.775m\u00b2 de via, com 530 metros de guias), a demoli\u00e7\u00e3o, j\u00e1 realizada, de um im\u00f3vel abandonado entre as ruas Dino e Elisa, al\u00e9m da interven\u00e7\u00e3o di\u00e1ria das equipes de limpeza com foco na Ponte S\u00e3o Jo\u00e3o e no Jardim S\u00e3o Camilo.<\/p>\n\n\n\n<p>\u201cO poder p\u00fablico tem de estar cada vez mais presente nos bairros e por isso tra\u00e7amos esse plano que, al\u00e9m de investir na seguran\u00e7a urbana, avan\u00e7a para outras \u00e1reas importantes, como a infraestrutura, a sa\u00fade e a assist\u00eancia social\u201d, diz o prefeito de Jundia\u00ed, Luiz Fernando Machado. \u201cTudo isso est\u00e1 sendo constru\u00eddo com os moradores.\u201d<\/p>\n\n\n\n<p>O plano compreende um trabalho multisetorial envolvendo a Guarda Municipal, a Pol\u00edcia Militar, a Pol\u00edcia Civil, a Divis\u00e3o de Fiscaliza\u00e7\u00e3o do Com\u00e9rcio e as unidades de gest\u00e3o municipal, como Sa\u00fade, Infraestrutura e Servi\u00e7os P\u00fablicos, Planejamento e Meio Ambiente, Comunica\u00e7\u00e3o e Assist\u00eancia e Desenvolvimento Social.<\/p>\n\n\n\n<p>\u201cNosso plano \u00e9 cont\u00ednuo, assim como as reuni\u00f5es com os moradores a cada dois meses para avaliar e medir os resultados e ajustar novas medidas, se necess\u00e1rio\u201d, explica o gestor de Governo e Finan\u00e7as, Jos\u00e9 Antonio Parimoschi.<\/p>\n\n\n\n<p><strong>Investimentos previstos&nbsp;<br><\/strong>O Plano de A\u00e7\u00e3o de Revitaliza\u00e7\u00e3o da Regi\u00e3o da Ponte S\u00e3o Jo\u00e3o prev\u00ea investimentos como a instala\u00e7\u00e3o de mais 12 c\u00e2meras de seguran\u00e7a (que ser\u00e3o somadas \u00e0s 11 j\u00e1 instaladas), a substitui\u00e7\u00e3o de 281 lumin\u00e1rias por LED, a constru\u00e7\u00e3o de tr\u00eas muros de conten\u00e7\u00e3o (localizados na rua Graff, na avenida Jos\u00e9 di Fiori e entre as ruas Dino e Angelo Rivelli), a revitaliza\u00e7\u00e3o de \u00e1reas p\u00fablicas, uma campanha educativa para n\u00e3o dar esmolas, al\u00e9m de outros. \u201cS\u00e3o cerca de R$ 12 milh\u00f5es, de 2021 a 2023, somente na Ponte S\u00e3o Jo\u00e3o e no S\u00e3o Camilo, com interven\u00e7\u00f5es urbanas que v\u00e3o melhorar a situa\u00e7\u00e3o e revalorizar esses locais\u201d, declara Parimoschi.<\/p>\n\n\n\n<p><strong>Com\u00e9rcios irregulares<br><\/strong>No \u00faltimo dia 10, a Guarda Municipal, a Divis\u00e3o de Fiscaliza\u00e7\u00e3o do Com\u00e9rcio e a Pol\u00edcia Civil fecharam tr\u00eas com\u00e9rcios irregulares de sucata nos bairros Jardim S\u00e3o Camilo e Tamoio. Esses com\u00e9rcios funcionavam sem alvar\u00e1 e j\u00e1 haviam sido notificados. Caso o propriet\u00e1rio descumpra a interdi\u00e7\u00e3o e insista em manter o local aberto, ele ser\u00e1 multado em R$ 4.523,25, valor que pode ser dobrado em reincid\u00eancia.<\/p>\n\n\n\n<figure class=\"wp-block-image\"><img decoding=\"async\" src=\"https:\/\/jundiai.sp.gov.br\/noticias\/wp-content\/uploads\/sites\/32\/2021\/09\/img_20210910_091652004-1-1280x960.jpg\" alt=\"\" class=\"wp-image-276589\" \/><figcaption>Fechamento de com\u00e9rcio irregular no Jardim S\u00e3o Camilo, na semana passada<\/figcaption><\/figure>\n\n\n\n<p><strong>Abordagem social<br><\/strong>As unidades de gest\u00e3o de Assist\u00eancia e Desenvolvimento Social (UGADS), de Seguran\u00e7a Municipal (UGSM) e de Infraestrutura e Servi\u00e7os P\u00fablicos (UGISP) fizeram uma abordagem social junto \u00e0s pessoas em situa\u00e7\u00e3o de rua na Ponte S\u00e3o Jo\u00e3o e compilaram um relat\u00f3rio de identifica\u00e7\u00e3o desse p\u00fablico.&nbsp;<\/p>\n\n\n\n<p>No per\u00edodo entre 25 de agosto e 13 de setembro, 137 pessoas foram abordadas pelas equipes do Centro Pop e da Guarda Municipal de Jundia\u00ed. Sobre o motivo de estarem na rua, 58 pessoas (42,3%) apontaram o uso de \u00e1lcool e outras drogas, dez (7,3%) associaram \u00e0 sa\u00edda do sistema prisional, sete (5,1%) declararam conflitos familiares e seis (4,4%) citaram desemprego. Os outros 56 abordados se recusaram a explicar o motivo que os levou a viver em situa\u00e7\u00e3o de rua.<\/p>\n\n\n\n<p>Do total, somente 40 (29,2%) s\u00e3o nascidos em Jundia\u00ed. Entre os restantes, 22 (16,1%) est\u00e3o no munic\u00edpio h\u00e1 mais de cinco anos. Os demais 54,7% afirmaram estar em Jundia\u00ed h\u00e1 menos tempo ou n\u00e3o souberam informar.<\/p>\n\n\n\n<p><em><strong>(Fonte\/Imagem: Prefeitura de Jundia\u00ed)<\/strong><\/em><\/p>\n","protected":false},"excerpt":{"rendered":"<p>Popula\u00e7\u00e3o e autoridades acompanham apresenta\u00e7\u00e3o do Plano de A\u00e7\u00e3o<\/p>\n","protected":false},"author":24,"featured_media":82370,"comment_status":"closed","ping_status":"closed","sticky":false,"template":"","format":"standard","meta":{"footnotes":""},"categories":[1],"tags":[],"class_list":["post-82369","post","type-post","status-publish","format-standard","has-post-thumbnail","hentry","category-noticias"],"_links":{"self":[{"href":"https:\/\/tvtecjundiai.com.br\/news\/wp-json\/wp\/v2\/posts\/82369","targetHints":{"allow":["GET"]}}],"collection":[{"href":"https:\/\/tvtecjundiai.com.br\/news\/wp-json\/wp\/v2\/posts"}],"about":[{"href":"https:\/\/tvtecjundiai.com.br\/news\/wp-json\/wp\/v2\/types\/post"}],"author":[{"embeddable":true,"href":"https:\/\/tvtecjundiai.com.br\/news\/wp-json\/wp\/v2\/users\/24"}],"replies":[{"embeddable":true,"href":"https:\/\/tvtecjundiai.com.br\/news\/wp-json\/wp\/v2\/comments?post=82369"}],"version-history":[{"count":1,"href":"https:\/\/tvtecjundiai.com.br\/news\/wp-json\/wp\/v2\/posts\/82369\/revisions"}],"predecessor-version":[{"id":82371,"href":"https:\/\/tvtecjundiai.com.br\/news\/wp-json\/wp\/v2\/posts\/82369\/revisions\/82371"}],"wp:featuredmedia":[{"embeddable":true,"href":"https:\/\/tvtecjundiai.com.br\/news\/wp-json\/wp\/v2\/media\/82370"}],"wp:attachment":[{"href":"https:\/\/tvtecjundiai.com.br\/news\/wp-json\/wp\/v2\/media?parent=82369"}],"wp:term":[{"taxonomy":"category","embeddable":true,"href":"https:\/\/tvtecjundiai.com.br\/news\/wp-json\/wp\/v2\/categories?post=82369"},{"taxonomy":"post_tag","embeddable":true,"href":"https:\/\/tvtecjundiai.com.br\/news\/wp-json\/wp\/v2\/tags?post=82369"}],"curies":[{"name":"wp","href":"https:\/\/api.w.org\/{rel}","templated":true}]}}