{"id":82381,"date":"2021-09-18T17:16:29","date_gmt":"2021-09-18T20:16:29","guid":{"rendered":"https:\/\/tvtecjundiai.com.br\/news\/?p=82381"},"modified":"2021-09-18T17:21:06","modified_gmt":"2021-09-18T20:21:06","slug":"covid-19-nota-oficial","status":"publish","type":"post","link":"https:\/\/tvtecjundiai.com.br\/news\/2021\/09\/18\/covid-19-nota-oficial\/","title":{"rendered":"COVID-19: Nota Oficial"},"content":{"rendered":"\n<p>Em decorr\u00eancia da queda constante identificada no n\u00famero de casos de COVID-19 \u2013 h\u00e1 13 semanas consecutivas \u2013 bem como a vacina\u00e7\u00e3o com as duas doses completas superar os 60% da popula\u00e7\u00e3o adulta estimada em Jundia\u00ed, a Unidade de Gest\u00e3o de Promo\u00e7\u00e3o da Sa\u00fade (UGPS) passar\u00e1 a atualizar o Boletim Coronav\u00edrus de segunda a sexta-feira. Os dados do final de semana ser\u00e3o apresentados de maneira cumulativa, no primeiro dia da semana.<\/p>\n\n\n\n<p><strong>Assessoria de Imprensa<\/strong><\/p>\n\n\n\n<figure class=\"wp-block-image\"><img decoding=\"async\" src=\"https:\/\/jundiai.sp.gov.br\/noticias\/wp-content\/uploads\/sites\/32\/2021\/09\/base-card-nota-oficial-atualizaboletim-900x960.jpg\" alt=\"\" class=\"wp-image-276644\" \/><\/figure>\n\n\n\n<p><em><strong>(Fonte\/Imagem: Prefeitura de Jundia\u00ed)<\/strong><\/em><\/p>\n","protected":false},"excerpt":{"rendered":"<p>Em decorr\u00eancia da queda constante identificada no n\u00famero de casos de COVID-19 \u2013 h\u00e1 13 semanas consecutivas \u2013 bem como a vacina\u00e7\u00e3o com as duas doses completas superar os 60% da popula\u00e7\u00e3o adulta estimada em Jundia\u00ed, a Unidade de Gest\u00e3o de Promo\u00e7\u00e3o da Sa\u00fade (UGPS) passar\u00e1 a atualizar o Boletim Coronav\u00edrus de segunda a sexta-feira. [&hellip;]<\/p>\n","protected":false},"author":24,"featured_media":82383,"comment_status":"closed","ping_status":"closed","sticky":false,"template":"","format":"standard","meta":{"footnotes":""},"categories":[1],"tags":[],"class_list":["post-82381","post","type-post","status-publish","format-standard","has-post-thumbnail","hentry","category-noticias"],"_links":{"self":[{"href":"https:\/\/tvtecjundiai.com.br\/news\/wp-json\/wp\/v2\/posts\/82381","targetHints":{"allow":["GET"]}}],"collection":[{"href":"https:\/\/tvtecjundiai.com.br\/news\/wp-json\/wp\/v2\/posts"}],"about":[{"href":"https:\/\/tvtecjundiai.com.br\/news\/wp-json\/wp\/v2\/types\/post"}],"author":[{"embeddable":true,"href":"https:\/\/tvtecjundiai.com.br\/news\/wp-json\/wp\/v2\/users\/24"}],"replies":[{"embeddable":true,"href":"https:\/\/tvtecjundiai.com.br\/news\/wp-json\/wp\/v2\/comments?post=82381"}],"version-history":[{"count":1,"href":"https:\/\/tvtecjundiai.com.br\/news\/wp-json\/wp\/v2\/posts\/82381\/revisions"}],"predecessor-version":[{"id":82382,"href":"https:\/\/tvtecjundiai.com.br\/news\/wp-json\/wp\/v2\/posts\/82381\/revisions\/82382"}],"wp:featuredmedia":[{"embeddable":true,"href":"https:\/\/tvtecjundiai.com.br\/news\/wp-json\/wp\/v2\/media\/82383"}],"wp:attachment":[{"href":"https:\/\/tvtecjundiai.com.br\/news\/wp-json\/wp\/v2\/media?parent=82381"}],"wp:term":[{"taxonomy":"category","embeddable":true,"href":"https:\/\/tvtecjundiai.com.br\/news\/wp-json\/wp\/v2\/categories?post=82381"},{"taxonomy":"post_tag","embeddable":true,"href":"https:\/\/tvtecjundiai.com.br\/news\/wp-json\/wp\/v2\/tags?post=82381"}],"curies":[{"name":"wp","href":"https:\/\/api.w.org\/{rel}","templated":true}]}}