{"id":82385,"date":"2021-09-18T18:38:23","date_gmt":"2021-09-18T21:38:23","guid":{"rendered":"https:\/\/tvtecjundiai.com.br\/news\/?p=82385"},"modified":"2021-09-18T18:41:08","modified_gmt":"2021-09-18T21:41:08","slug":"vacinacao-covid-19-aplicacao-de-d2-aos-atrasados-segue-na-proxima-semana","status":"publish","type":"post","link":"https:\/\/tvtecjundiai.com.br\/news\/2021\/09\/18\/vacinacao-covid-19-aplicacao-de-d2-aos-atrasados-segue-na-proxima-semana\/","title":{"rendered":"Vacina\u00e7\u00e3o COVID-19: Aplica\u00e7\u00e3o de D2 aos atrasados segue na pr\u00f3xima semana"},"content":{"rendered":"\n<p>Em Jundia\u00ed, o s\u00e1bado (18) foi dedicado para a aplica\u00e7\u00e3o da segunda dose de vacinas contra a COVID-19 para pessoas com 27 a 59 anos em agendamentos autom\u00e1ticos e aqueles com doses de Astrazeneca ou Pfizer atrasadas. Ao todo, estavam agendadas 6,9 mil aplica\u00e7\u00f5es. Entre os 7,4 mil atrasados, 543 buscaram a adequa\u00e7\u00e3o do calend\u00e1rio entre quinta-feira e s\u00e1bado (18). A Prefeitura de Jundia\u00ed manter\u00e1, na pr\u00f3xima semana, a disponibiliza\u00e7\u00e3o do atendimento para essa popula\u00e7\u00e3o em atraso, para que regularizem o calend\u00e1rio vacinal e se imunizem contra o Novo Coronav\u00edrus.<\/p>\n\n\n\n<p>Elaine Aparecida Gimenez \u00e9 moradora no Jardim Pacaembu e foi nos primeiros minutos da abertura do posto do Complexo Educacional, Cultural e Esportivo (CECE) Aramis Polli receber a sua segunda aplica\u00e7\u00e3o. \u201cEstou muito feliz em receber a segunda dose. O atendimento foi r\u00e1pido\u201d, comentou.<\/p>\n\n\n\n<p>Outro que encerrou o esquema vacinal neste s\u00e1bado foi Jos\u00e9 Carlos Rocha, morador do Anhangaba\u00fa. \u201cAgora \u00e9 tocar a vida para frente. Recebi a dose e estou muito feliz e emocionado. O servi\u00e7o da Prefeitura est\u00e1 de parab\u00e9ns\u201d, comemorou logo ap\u00f3s receber a aplica\u00e7\u00e3o e o comprovante com o registro da segunda dose aplicada.<\/p>\n\n\n\n<figure class=\"wp-block-gallery columns-1 is-cropped wp-block-gallery-1 is-layout-flex wp-block-gallery-is-layout-flex\"><ul class=\"blocks-gallery-grid\"><li class=\"blocks-gallery-item\"><figure><img loading=\"lazy\" decoding=\"async\" width=\"1137\" height=\"758\" src=\"https:\/\/tvtecjundiai.com.br\/news\/wp-content\/uploads\/sites\/2\/2021\/09\/vacinacao-covid-19-aos-atrasados-no-cece-aramis_c_-1-1.jpg\" alt=\"\" data-id=\"82388\" data-full-url=\"https:\/\/tvtecjundiai.com.br\/news\/wp-content\/uploads\/sites\/2\/2021\/09\/vacinacao-covid-19-aos-atrasados-no-cece-aramis_c_-1-1.jpg\" data-link=\"https:\/\/tvtecjundiai.com.br\/news\/2021\/09\/18\/vacinacao-covid-19-aplicacao-de-d2-aos-atrasados-segue-na-proxima-semana\/vacinacao-covid-19-aos-atrasados-no-cece-aramis_c_-1-1\/\" class=\"wp-image-82388\" srcset=\"https:\/\/tvtecjundiai.com.br\/news\/wp-content\/uploads\/sites\/2\/2021\/09\/vacinacao-covid-19-aos-atrasados-no-cece-aramis_c_-1-1.jpg 1137w, https:\/\/tvtecjundiai.com.br\/news\/wp-content\/uploads\/sites\/2\/2021\/09\/vacinacao-covid-19-aos-atrasados-no-cece-aramis_c_-1-1-300x200.jpg 300w, https:\/\/tvtecjundiai.com.br\/news\/wp-content\/uploads\/sites\/2\/2021\/09\/vacinacao-covid-19-aos-atrasados-no-cece-aramis_c_-1-1-768x512.jpg 768w\" sizes=\"auto, (max-width: 1137px) 100vw, 1137px\" \/><\/figure><\/li><\/ul><figcaption class=\"blocks-gallery-caption\">Elaine Gimenez recebeu a segunda dose de vacina contra a COVID-19<\/figcaption><\/figure>\n\n\n\n<p><\/p>\n\n\n\n<p>De acordo com a gerente de Unidade B\u00e1sica de Sa\u00fade e respons\u00e1vel pelo CECE Aramis neste s\u00e1bado, Josi Ferrari, o movimento foi baixo. \u201cA busca ativa aos que est\u00e3o com a segunda dose em atraso \u00e9 feita diariamente, inclusive com a orienta\u00e7\u00e3o para a busca pelo polo mais pr\u00f3ximo \u00e0 resid\u00eancia, no entanto, existe um percentual que ainda n\u00e3o buscou pelo atendimento\u201d, comenta.<\/p>\n\n\n\n<p><strong>Nova oportunidade<\/strong><\/p>\n\n\n\n<p>Ap\u00f3s a convoca\u00e7\u00e3o realizada ao longo desta semana, a Unidade de Gest\u00e3o de Promo\u00e7\u00e3o da Sa\u00fade (UGPS) manter\u00e1 o mesmo sistema ao longo da pr\u00f3xima semana. \u201cA popula\u00e7\u00e3o que estiver com as doses de Astrazeneca e Pfizer atrasadas, devem comparecer em algum posto de vacina\u00e7\u00e3o que esteja aplicando a segunda dose dessas vacinas para a recep\u00e7\u00e3o sem a necessidade de agendamento. Para consultar o local mais pr\u00f3ximo de sua resid\u00eancia, basta consultar o&nbsp;<a href=\"https:\/\/jundiai.sp.gov.br\/coronavirus\/vacinacao-covid-19\/\">Calend\u00e1rio de Vacina\u00e7\u00e3o<\/a>, no site da Prefeitura de Jundia\u00ed, no espa\u00e7o Coronav\u00edrus\u201d, comenta a enfermeira e coordenadora da Vigil\u00e2ncia Epidemiol\u00f3gica (VE), Maria do Carmo Possidente.<\/p>\n\n\n\n<p>J\u00e1 quem recebeu Coronavac, al\u00e9m dos postos onde estejam ocorrendo a aplica\u00e7\u00e3o da D2, quem est\u00e1 em atraso poder\u00e1 agendar, pessoalmente na UBS mais pr\u00f3xima de sua resid\u00eancia, a aplica\u00e7\u00e3o.<\/p>\n\n\n\n<p><\/p>\n\n\n\n<p>Fonte\/Imagem: Prefeitura de Jundia\u00ed<\/p>\n","protected":false},"excerpt":{"rendered":"<p>Entre os 7,4 mil atrasados, 543 buscaram a adequa\u00e7\u00e3o do calend\u00e1rio entre quinta-feira e s\u00e1bado (18)<\/p>\n","protected":false},"author":9,"featured_media":82386,"comment_status":"closed","ping_status":"closed","sticky":false,"template":"","format":"standard","meta":{"footnotes":""},"categories":[8355],"tags":[],"class_list":["post-82385","post","type-post","status-publish","format-standard","has-post-thumbnail","hentry","category-saude-3"],"_links":{"self":[{"href":"https:\/\/tvtecjundiai.com.br\/news\/wp-json\/wp\/v2\/posts\/82385","targetHints":{"allow":["GET"]}}],"collection":[{"href":"https:\/\/tvtecjundiai.com.br\/news\/wp-json\/wp\/v2\/posts"}],"about":[{"href":"https:\/\/tvtecjundiai.com.br\/news\/wp-json\/wp\/v2\/types\/post"}],"author":[{"embeddable":true,"href":"https:\/\/tvtecjundiai.com.br\/news\/wp-json\/wp\/v2\/users\/9"}],"replies":[{"embeddable":true,"href":"https:\/\/tvtecjundiai.com.br\/news\/wp-json\/wp\/v2\/comments?post=82385"}],"version-history":[{"count":2,"href":"https:\/\/tvtecjundiai.com.br\/news\/wp-json\/wp\/v2\/posts\/82385\/revisions"}],"predecessor-version":[{"id":82389,"href":"https:\/\/tvtecjundiai.com.br\/news\/wp-json\/wp\/v2\/posts\/82385\/revisions\/82389"}],"wp:featuredmedia":[{"embeddable":true,"href":"https:\/\/tvtecjundiai.com.br\/news\/wp-json\/wp\/v2\/media\/82386"}],"wp:attachment":[{"href":"https:\/\/tvtecjundiai.com.br\/news\/wp-json\/wp\/v2\/media?parent=82385"}],"wp:term":[{"taxonomy":"category","embeddable":true,"href":"https:\/\/tvtecjundiai.com.br\/news\/wp-json\/wp\/v2\/categories?post=82385"},{"taxonomy":"post_tag","embeddable":true,"href":"https:\/\/tvtecjundiai.com.br\/news\/wp-json\/wp\/v2\/tags?post=82385"}],"curies":[{"name":"wp","href":"https:\/\/api.w.org\/{rel}","templated":true}]}}