{"id":82394,"date":"2021-09-19T14:55:53","date_gmt":"2021-09-19T17:55:53","guid":{"rendered":"https:\/\/tvtecjundiai.com.br\/news\/?p=82394"},"modified":"2021-09-19T14:56:01","modified_gmt":"2021-09-19T17:56:01","slug":"educadores-contam-com-programas-de-apoio-a-saude-e-ao-bem-estar","status":"publish","type":"post","link":"https:\/\/tvtecjundiai.com.br\/news\/2021\/09\/19\/educadores-contam-com-programas-de-apoio-a-saude-e-ao-bem-estar\/","title":{"rendered":"Educadores contam com programas de apoio \u00e0 sa\u00fade e ao bem-estar"},"content":{"rendered":"\n<p>Com o objetivo de oferecer suporte \u00e0s mudan\u00e7as na rotina escolar e os desafios impostos pela pandemia, a Unidade de Gest\u00e3o de Educa\u00e7\u00e3o (UGE) promove a\u00e7\u00f5es de apoio \u00e0 sa\u00fade e bem-estar dos profissionais de educa\u00e7\u00e3o municipal, como o projeto Arte Movimento e Eu (AME), que foi recentemente premiado como Case Inovador do Programa Parcerias Municipais, do Governo do Estado de S\u00e3o Paulo.&nbsp;<\/p>\n\n\n\n<p>\u201cA educa\u00e7\u00e3o de Jundia\u00ed apresenta boa qualidade por conta da dedica\u00e7\u00e3o e profissionalismo dos servidores. Sabemos que a pandemia tem afetado emocionalmente muitas pessoas e Jundia\u00ed oferece programas com apoio \u00e0 sa\u00fade mental dos profissionais de educa\u00e7\u00e3o e consequentemente aos estudantes e familiares\u201d, comentou o prefeito Luiz Fernando Machado.<\/p>\n\n\n\n<figure class=\"wp-block-image size-full\"><img loading=\"lazy\" decoding=\"async\" width=\"768\" height=\"512\" src=\"https:\/\/tvtecjundiai.com.br\/news\/wp-content\/uploads\/sites\/2\/2021\/09\/ame_violao-768x512-1.jpg\" alt=\"\" class=\"wp-image-82395\" srcset=\"https:\/\/tvtecjundiai.com.br\/news\/wp-content\/uploads\/sites\/2\/2021\/09\/ame_violao-768x512-1.jpg 768w, https:\/\/tvtecjundiai.com.br\/news\/wp-content\/uploads\/sites\/2\/2021\/09\/ame_violao-768x512-1-300x200.jpg 300w\" sizes=\"auto, (max-width: 768px) 100vw, 768px\" \/><figcaption>Aulas de m\u00fasica e atividades f\u00edsicas s\u00e3o oferecidas pelo AME<\/figcaption><\/figure>\n\n\n\n<p>O AME visa ao desenvolvimento de experi\u00eancias f\u00edsicas, art\u00edsticas e psicol\u00f3gicas dos profissionais da \u00e1rea de educa\u00e7\u00e3o, por meio de cursos gratuitos de pintura, teatro, m\u00fasica e atividades f\u00edsicas. Durante o per\u00edodo mais restritivo da pandemia, foi criada a Sala Virtual, com conte\u00fado adaptado para o ensino remoto.&nbsp;<\/p>\n\n\n\n<p>Aine Riedo \u00e9 Assistente de Desenvolvimento Infantil e est\u00e1 fazendo o curso de viol\u00e3o, \u201c\u00c9 maravilhoso, traz bem-estar e melhora a qualidade de vida. Sempre quis aprender viol\u00e3o, as aulas est\u00e3o no espa\u00e7o externo e \u00e9 muito gostoso, traz relaxamento. J\u00e1 comecei a tocar viol\u00e3o para as crian\u00e7as e mesmo com poucas aulas, aprendemos can\u00e7\u00f5es com poucos acordes e elas adoram, ficam hipnotizados e encantados\u201d, conta com alegria.\u00a0<\/p>\n\n\n\n<figure class=\"wp-block-image size-full\"><img loading=\"lazy\" decoding=\"async\" width=\"768\" height=\"512\" src=\"https:\/\/tvtecjundiai.com.br\/news\/wp-content\/uploads\/sites\/2\/2021\/09\/ame_aine_riedo-768x512-1.jpg\" alt=\"\" class=\"wp-image-82396\" srcset=\"https:\/\/tvtecjundiai.com.br\/news\/wp-content\/uploads\/sites\/2\/2021\/09\/ame_aine_riedo-768x512-1.jpg 768w, https:\/\/tvtecjundiai.com.br\/news\/wp-content\/uploads\/sites\/2\/2021\/09\/ame_aine_riedo-768x512-1-300x200.jpg 300w\" sizes=\"auto, (max-width: 768px) 100vw, 768px\" \/><figcaption>Aine diz que as aulas ajudam no relaxamento e j\u00e1 come\u00e7ou a levar a m\u00fasica para os alunos<\/figcaption><\/figure>\n\n\n\n<p>A gestora de Educa\u00e7\u00e3o, Vast\u00ed Ferrari Marques, lembra que a Escola Inovadora tem constante preocupa\u00e7\u00e3o com a sa\u00fade emocional e f\u00edsica dos educadores. \u201cTodos os atores educacionais podem se inscrever para aulas de pilates, gin\u00e1stica, atividades de artesanato e m\u00fasica. Os educadores passam por programas de bem-estar f\u00edsico e emocional totalmente gratuitos. Sabemos que quando ele est\u00e1 bem f\u00edsica e emocionalmente, isso se reflete na escola que ele trabalha\u201d, conclui.&nbsp;<\/p>\n\n\n\n<p>Al\u00e9m do AME, o Departamento de Forma\u00e7\u00e3o da UGE ainda oferece a forma\u00e7\u00e3o em sa\u00fade emocional, que \u00e9 realizada por meio de videoaulas e Guias de Orienta\u00e7\u00e3o que trazem propostas para reflex\u00e3o.\u00a0<\/p>\n\n\n\n<p><\/p>\n\n\n\n<p>Fonte\/Imagem: Prefeitura de Jundia\u00ed <\/p>\n","protected":false},"excerpt":{"rendered":"<p>Com o objetivo de oferecer suporte \u00e0s mudan\u00e7as na rotina escolar e os desafios impostos pela pandemia, a Unidade de Gest\u00e3o de Educa\u00e7\u00e3o (UGE) promove a\u00e7\u00f5es de apoio \u00e0 sa\u00fade e bem-estar dos profissionais de educa\u00e7\u00e3o municipal<\/p>\n","protected":false},"author":9,"featured_media":82395,"comment_status":"closed","ping_status":"closed","sticky":false,"template":"","format":"standard","meta":{"footnotes":""},"categories":[2828],"tags":[],"class_list":["post-82394","post","type-post","status-publish","format-standard","has-post-thumbnail","hentry","category-educacao"],"_links":{"self":[{"href":"https:\/\/tvtecjundiai.com.br\/news\/wp-json\/wp\/v2\/posts\/82394","targetHints":{"allow":["GET"]}}],"collection":[{"href":"https:\/\/tvtecjundiai.com.br\/news\/wp-json\/wp\/v2\/posts"}],"about":[{"href":"https:\/\/tvtecjundiai.com.br\/news\/wp-json\/wp\/v2\/types\/post"}],"author":[{"embeddable":true,"href":"https:\/\/tvtecjundiai.com.br\/news\/wp-json\/wp\/v2\/users\/9"}],"replies":[{"embeddable":true,"href":"https:\/\/tvtecjundiai.com.br\/news\/wp-json\/wp\/v2\/comments?post=82394"}],"version-history":[{"count":1,"href":"https:\/\/tvtecjundiai.com.br\/news\/wp-json\/wp\/v2\/posts\/82394\/revisions"}],"predecessor-version":[{"id":82397,"href":"https:\/\/tvtecjundiai.com.br\/news\/wp-json\/wp\/v2\/posts\/82394\/revisions\/82397"}],"wp:featuredmedia":[{"embeddable":true,"href":"https:\/\/tvtecjundiai.com.br\/news\/wp-json\/wp\/v2\/media\/82395"}],"wp:attachment":[{"href":"https:\/\/tvtecjundiai.com.br\/news\/wp-json\/wp\/v2\/media?parent=82394"}],"wp:term":[{"taxonomy":"category","embeddable":true,"href":"https:\/\/tvtecjundiai.com.br\/news\/wp-json\/wp\/v2\/categories?post=82394"},{"taxonomy":"post_tag","embeddable":true,"href":"https:\/\/tvtecjundiai.com.br\/news\/wp-json\/wp\/v2\/tags?post=82394"}],"curies":[{"name":"wp","href":"https:\/\/api.w.org\/{rel}","templated":true}]}}