{"id":82403,"date":"2021-09-19T16:10:05","date_gmt":"2021-09-19T19:10:05","guid":{"rendered":"https:\/\/tvtecjundiai.com.br\/news\/?p=82403"},"modified":"2021-09-20T15:39:23","modified_gmt":"2021-09-20T18:39:23","slug":"ator-luis-gustavo-morre-aos-87-anos-em-itatiba","status":"publish","type":"post","link":"https:\/\/tvtecjundiai.com.br\/news\/2021\/09\/19\/ator-luis-gustavo-morre-aos-87-anos-em-itatiba\/","title":{"rendered":"Ator Luis Gustavo morre aos 87 anos em Itatiba"},"content":{"rendered":"\n<p>De acordo com informa\u00e7\u00f5es da fam\u00edlia, ele estava em tratamento contra um c\u00e2ncer desde 2018. Corpo do ator ser\u00e1 cremado sem cerim\u00f4nia de vel\u00f3rio na tarde deste domingo (19)<\/p>\n\n\n\n<p>O ator&nbsp;Luis Gustavo Blanco morreu neste domingo&nbsp;(19), aos 87 anos, em Itatiba (SP). Ele sofreu&nbsp;complica\u00e7\u00f5es por conta de um c\u00e2ncer no intestino. De acordo com informa\u00e7\u00f5es da fam\u00edlia, Luis Gustavo estava em&nbsp;tratamento contra a doen\u00e7a desde 2018&nbsp;e morreu em casa.<\/p>\n\n\n\n<p>O corpo do ator ser\u00e1 cremado em uma cerim\u00f4nia reservada \u00e0 fam\u00edlia em Itatiba, na tarde deste domingo. N\u00e3o haver\u00e1 vel\u00f3rio por op\u00e7\u00e3o da fam\u00edlia, que deseja que a despedida seja um momento particular.<\/p>\n\n\n\n<figure class=\"wp-block-image size-full\"><img loading=\"lazy\" decoding=\"async\" width=\"700\" height=\"438\" src=\"https:\/\/tvtecjundiai.com.br\/news\/wp-content\/uploads\/sites\/2\/2021\/09\/images-1.jpeg\" alt=\"\" class=\"wp-image-82404\" srcset=\"https:\/\/tvtecjundiai.com.br\/news\/wp-content\/uploads\/sites\/2\/2021\/09\/images-1.jpeg 700w, https:\/\/tvtecjundiai.com.br\/news\/wp-content\/uploads\/sites\/2\/2021\/09\/images-1-300x188.jpeg 300w\" sizes=\"auto, (max-width: 700px) 100vw, 700px\" \/><figcaption>Luis Gustavo em entrevista ao Video Show em 2017; ator morreu de c\u00e2ncer<\/figcaption><\/figure>\n\n\n\n<p>O&nbsp;<a href=\"https:\/\/g1.globo.com\/sp\/sorocaba-jundiai\/noticia\/2021\/02\/12\/aos-87-anos-ator-luis-gustavo-e-vacinado-contra-a-covid-19-no-interior-de-sp.ghtml\">artista foi vacinado contra a Covid-19 em fevereiro deste ano, em Itatiba, cidade onde morava.&nbsp;<\/a>A aplica\u00e7\u00e3o da dose foi feita em um sistema drive-thru no Ambulat\u00f3rio Central de Especialidades.<\/p>\n\n\n\n<p>\u201cEu sempre me dediquei \u00e0 com\u00e9dia. Na com\u00e9dia, as crian\u00e7as s\u00e3o meus grandes professores: testei meus personagens com elas, se n\u00e3o riam, o personagem n\u00e3o estava pronto. N\u00e3o h\u00e1 mestre no mundo que se compare a uma aula dessas&#8221;, afirmou o ator, em depoimento ao Mem\u00f3ria Globo.<\/p>\n\n\n\n<p><strong>Veja abaixo o comunicado da Globo sobre a morte do ator:<\/strong><\/p>\n\n\n\n<p>&#8220;Se apaga o sorriso do ator e comediante Luis Gustavo.<\/p>\n\n\n\n<p>Luis Gustavo sempre se dedicou \u00e0 com\u00e9dia. Dizia que as crian\u00e7as eram seus grandes professores: se n\u00e3o riam, o personagem n\u00e3o estava pronto. O int\u00e9rprete dos eternos Mario Fofoca e tio Vav\u00e1 nos deixa hoje, dia 19, aos 87 anos, em decorr\u00eancia de complica\u00e7\u00f5es por conta de um c\u00e2ncer no intestino.<\/p>\n\n\n\n<p>Luis Gustavo era casado com Cris Botelho, pai de Luis Gustavo Vidal Blanco, fruto de seu relacionamento com Helo\u00edsa Vidal, e de J\u00e9ssica Vignolli Blanco, fruto de seu casamento com a falecida atriz Desire\u00e9 Vignolli, av\u00f4 de Marina Hoagland Blanco Buzzone, e tio de Tato Gabus Mendes e C\u00e1ssio Gabus Mendes, tamb\u00e9m atores.<\/p>\n\n\n\n<p>Encarnando grandes personagens c\u00f4micos da telenovela brasileira, Luis Gustavo Blanco merece um cap\u00edtulo especial na hist\u00f3ria da televis\u00e3o. Nascido em 02 de fevereiro de 1934, em Gotemburgo, na Su\u00e9cia, de pais espanh\u00f3is, ele chegou ao Brasil ainda crian\u00e7a e adotou S\u00e3o Paulo como o lugar para criar suas ra\u00edzes&#8221;.<\/p>\n\n\n\n<p>Fonte: G1\/Imagem: TV Globo<\/p>\n","protected":false},"excerpt":{"rendered":"<p>O corpo do ator ser\u00e1 cremado em uma cerim\u00f4nia reservada \u00e0 fam\u00edlia em Itatiba, na tarde deste domingo<\/p>\n","protected":false},"author":9,"featured_media":82404,"comment_status":"closed","ping_status":"closed","sticky":false,"template":"","format":"standard","meta":{"footnotes":""},"categories":[2833],"tags":[],"class_list":["post-82403","post","type-post","status-publish","format-standard","has-post-thumbnail","hentry","category-cultura"],"_links":{"self":[{"href":"https:\/\/tvtecjundiai.com.br\/news\/wp-json\/wp\/v2\/posts\/82403","targetHints":{"allow":["GET"]}}],"collection":[{"href":"https:\/\/tvtecjundiai.com.br\/news\/wp-json\/wp\/v2\/posts"}],"about":[{"href":"https:\/\/tvtecjundiai.com.br\/news\/wp-json\/wp\/v2\/types\/post"}],"author":[{"embeddable":true,"href":"https:\/\/tvtecjundiai.com.br\/news\/wp-json\/wp\/v2\/users\/9"}],"replies":[{"embeddable":true,"href":"https:\/\/tvtecjundiai.com.br\/news\/wp-json\/wp\/v2\/comments?post=82403"}],"version-history":[{"count":3,"href":"https:\/\/tvtecjundiai.com.br\/news\/wp-json\/wp\/v2\/posts\/82403\/revisions"}],"predecessor-version":[{"id":82439,"href":"https:\/\/tvtecjundiai.com.br\/news\/wp-json\/wp\/v2\/posts\/82403\/revisions\/82439"}],"wp:featuredmedia":[{"embeddable":true,"href":"https:\/\/tvtecjundiai.com.br\/news\/wp-json\/wp\/v2\/media\/82404"}],"wp:attachment":[{"href":"https:\/\/tvtecjundiai.com.br\/news\/wp-json\/wp\/v2\/media?parent=82403"}],"wp:term":[{"taxonomy":"category","embeddable":true,"href":"https:\/\/tvtecjundiai.com.br\/news\/wp-json\/wp\/v2\/categories?post=82403"},{"taxonomy":"post_tag","embeddable":true,"href":"https:\/\/tvtecjundiai.com.br\/news\/wp-json\/wp\/v2\/tags?post=82403"}],"curies":[{"name":"wp","href":"https:\/\/api.w.org\/{rel}","templated":true}]}}