{"id":82470,"date":"2021-09-21T10:55:57","date_gmt":"2021-09-21T13:55:57","guid":{"rendered":"https:\/\/tvtecjundiai.com.br\/news\/?p=82470"},"modified":"2021-09-21T10:56:09","modified_gmt":"2021-09-21T13:56:09","slug":"patrulhamento-da-guarda-municipal-e-intensificado-no-jardim-santa-gertrudes","status":"publish","type":"post","link":"https:\/\/tvtecjundiai.com.br\/news\/2021\/09\/21\/patrulhamento-da-guarda-municipal-e-intensificado-no-jardim-santa-gertrudes\/","title":{"rendered":"Patrulhamento da Guarda Municipal \u00e9 intensificado no Jardim Santa Gertrudes"},"content":{"rendered":"\n<p>A Unidade de Gest\u00e3o de Seguran\u00e7a Municipal (UGSM) realizou, entre essa sexta-feira (17) e domingo (19), uma opera\u00e7\u00e3o espec\u00edfica no Jardim Santa Gertrudes, mobilizando equipes do Apoio T\u00e1tico e do Canil da Guarda Municipal de Jundia\u00ed (GMJ), no sentido de garantir seguran\u00e7a \u00e0 popula\u00e7\u00e3o e ao com\u00e9rcio do bairro.<\/p>\n\n\n\n<p>Em tr\u00eas dias de a\u00e7\u00f5es intensificadas, foram realizadas abordagens e consultas cadastrais de cerca de 30 pessoas suspeitas, sem condu\u00e7\u00e3o para distrito policial. Al\u00e9m dos com\u00e9rcios e patrim\u00f4nios p\u00fablicos, a parte baixa do bairro, que d\u00e1 acesso \u00e0 rodovia Anhanguera, tamb\u00e9m contou com a presen\u00e7a constante de equipes do Canil e Apoio T\u00e1tico. Foram mobilizados para a opera\u00e7\u00e3o 15 guardas municipais, quatro viaturas e ainda tr\u00eas motos da equipe t\u00e1tica.<\/p>\n\n\n\n<div class=\"wp-block-image\"><figure class=\"aligncenter size-large\"><img loading=\"lazy\" decoding=\"async\" width=\"1200\" height=\"676\" src=\"https:\/\/tvtecjundiai.com.br\/news\/wp-content\/uploads\/sites\/2\/2021\/09\/gmj_santa_gertrudes-1-1200x676.jpeg\" alt=\"\" class=\"wp-image-82471\" srcset=\"https:\/\/tvtecjundiai.com.br\/news\/wp-content\/uploads\/sites\/2\/2021\/09\/gmj_santa_gertrudes-1-1200x676.jpeg 1200w, https:\/\/tvtecjundiai.com.br\/news\/wp-content\/uploads\/sites\/2\/2021\/09\/gmj_santa_gertrudes-1-300x169.jpeg 300w, https:\/\/tvtecjundiai.com.br\/news\/wp-content\/uploads\/sites\/2\/2021\/09\/gmj_santa_gertrudes-1-768x433.jpeg 768w, https:\/\/tvtecjundiai.com.br\/news\/wp-content\/uploads\/sites\/2\/2021\/09\/gmj_santa_gertrudes-1.jpeg 1280w\" sizes=\"auto, (max-width: 1200px) 100vw, 1200px\" \/><figcaption>Est\u00e3o previstas novas opera\u00e7\u00f5es surpresas no bairro<\/figcaption><\/figure><\/div>\n\n\n\n<p>De acordo com o comandante interino da corpora\u00e7\u00e3o, Sandro Vilas Boas, foram realizadas a\u00e7\u00f5es de patrulhamento e presen\u00e7a em diversos locais do bairro. \u201cAs a\u00e7\u00f5es j\u00e1 eram programadas, conforme estrat\u00e9gias tra\u00e7adas com a gestora da UGSM e setor operacional da GMJ, devendo ser realizadas ainda outras opera\u00e7\u00f5es surpresas\u201d.<\/p>\n\n\n\n<p>A gestora da UGSM, coronel Carla Basson, enalteceu o trabalho das equipes e refor\u00e7ou os investimentos em monitoramento que est\u00e3o sendo feitos no bairro. \u201cOs guardas realizam o patrulhamento 24 horas por dia em toda a cidade. Em breve vamos contar com c\u00e2meras de monitoramento no bairro, o que ir\u00e1 auxiliar na identifica\u00e7\u00e3o dos delitos\u201d, comentou.<\/p>\n\n\n\n<p><strong><em>(Fonte\/Imagem: Prefeitura de Jundia\u00ed)<\/em><\/strong><\/p>\n","protected":false},"excerpt":{"rendered":"<p>Foram mobilizados para a opera\u00e7\u00e3o 15 guardas municipais, quatro viaturas e ainda tr\u00eas motos da equipe t\u00e1tica.<\/p>\n","protected":false},"author":25,"featured_media":82471,"comment_status":"closed","ping_status":"closed","sticky":false,"template":"","format":"standard","meta":{"footnotes":""},"categories":[1,4831],"tags":[],"class_list":["post-82470","post","type-post","status-publish","format-standard","has-post-thumbnail","hentry","category-noticias","category-seguranca"],"_links":{"self":[{"href":"https:\/\/tvtecjundiai.com.br\/news\/wp-json\/wp\/v2\/posts\/82470","targetHints":{"allow":["GET"]}}],"collection":[{"href":"https:\/\/tvtecjundiai.com.br\/news\/wp-json\/wp\/v2\/posts"}],"about":[{"href":"https:\/\/tvtecjundiai.com.br\/news\/wp-json\/wp\/v2\/types\/post"}],"author":[{"embeddable":true,"href":"https:\/\/tvtecjundiai.com.br\/news\/wp-json\/wp\/v2\/users\/25"}],"replies":[{"embeddable":true,"href":"https:\/\/tvtecjundiai.com.br\/news\/wp-json\/wp\/v2\/comments?post=82470"}],"version-history":[{"count":1,"href":"https:\/\/tvtecjundiai.com.br\/news\/wp-json\/wp\/v2\/posts\/82470\/revisions"}],"predecessor-version":[{"id":82472,"href":"https:\/\/tvtecjundiai.com.br\/news\/wp-json\/wp\/v2\/posts\/82470\/revisions\/82472"}],"wp:featuredmedia":[{"embeddable":true,"href":"https:\/\/tvtecjundiai.com.br\/news\/wp-json\/wp\/v2\/media\/82471"}],"wp:attachment":[{"href":"https:\/\/tvtecjundiai.com.br\/news\/wp-json\/wp\/v2\/media?parent=82470"}],"wp:term":[{"taxonomy":"category","embeddable":true,"href":"https:\/\/tvtecjundiai.com.br\/news\/wp-json\/wp\/v2\/categories?post=82470"},{"taxonomy":"post_tag","embeddable":true,"href":"https:\/\/tvtecjundiai.com.br\/news\/wp-json\/wp\/v2\/tags?post=82470"}],"curies":[{"name":"wp","href":"https:\/\/api.w.org\/{rel}","templated":true}]}}