{"id":82473,"date":"2021-09-21T11:58:26","date_gmt":"2021-09-21T14:58:26","guid":{"rendered":"https:\/\/tvtecjundiai.com.br\/news\/?p=82473"},"modified":"2021-09-21T11:58:31","modified_gmt":"2021-09-21T14:58:31","slug":"avenida-jundiai-ganha-eficiencia-energetica-com-nova-iluminacao","status":"publish","type":"post","link":"https:\/\/tvtecjundiai.com.br\/news\/2021\/09\/21\/avenida-jundiai-ganha-eficiencia-energetica-com-nova-iluminacao\/","title":{"rendered":"Avenida Jundia\u00ed ganha efici\u00eancia energ\u00e9tica com nova ilumina\u00e7\u00e3o"},"content":{"rendered":"\n<p>A principal entrada de Jundia\u00ed, a Avenida Jundia\u00ed, conta, desde a sexta-feira (17), com 138 novas lumin\u00e1rias com tecnologia em LED. O investimento, al\u00e9m de garantir economia de 56% no consumo de energia com a tecnologia, a claridade da via \u00e9 destacada, garantindo aos motoristas e pedestres, maior seguran\u00e7a e conforto.<\/p>\n\n\n\n<p>A obra teve in\u00edcio na primeira semana de setembro, com a troca das lumin\u00e1rias na via, que liga a Rodovia Anhanguera ao Centro da cidade. O valor total do investimento \u00e9 de R$ 204.547,02, proveniente de emenda do Deputado Estadual Antonio Assun\u00e7\u00e3o de Olim, o Delegado Olim.<\/p>\n\n\n\n<div class=\"wp-block-image\"><figure class=\"aligncenter size-large\"><img loading=\"lazy\" decoding=\"async\" width=\"1200\" height=\"800\" src=\"https:\/\/tvtecjundiai.com.br\/news\/wp-content\/uploads\/sites\/2\/2021\/09\/iluminacao-led-av-jundiai-28-1200x800.jpg\" alt=\"\" class=\"wp-image-82474\" srcset=\"https:\/\/tvtecjundiai.com.br\/news\/wp-content\/uploads\/sites\/2\/2021\/09\/iluminacao-led-av-jundiai-28-1200x800.jpg 1200w, https:\/\/tvtecjundiai.com.br\/news\/wp-content\/uploads\/sites\/2\/2021\/09\/iluminacao-led-av-jundiai-28-300x200.jpg 300w, https:\/\/tvtecjundiai.com.br\/news\/wp-content\/uploads\/sites\/2\/2021\/09\/iluminacao-led-av-jundiai-28-768x512.jpg 768w, https:\/\/tvtecjundiai.com.br\/news\/wp-content\/uploads\/sites\/2\/2021\/09\/iluminacao-led-av-jundiai-28.jpg 1280w\" sizes=\"auto, (max-width: 1200px) 100vw, 1200px\" \/><figcaption>Iluminada, Avenida Jundia\u00ed, cart\u00e3o postal da cidade, passa a contar com tecnologia de l\u00e2mpadas de LED<\/figcaption><\/figure><\/div>\n\n\n\n<p>\u201cA economia no consumo de energia \u00e9 uma realidade que Jundia\u00ed vem praticando com as trocas por equipamentos modernos e em LED. Al\u00e9m de economia de recursos, a boa ilumina\u00e7\u00e3o oferece maior seguran\u00e7a para quem trafega pela via, seja motorista ou pedestre\u201d, comenta o prefeito Luiz Fernando Machado.<\/p>\n\n\n\n<p>De acordo com o gestor da Unidade de Gest\u00e3o de Infraestrutura e Servi\u00e7os P\u00fablicos (UGISP), Adilson Rosa, outro benef\u00edcio \u00e9 a maior vida \u00fatil dos equipamentos instalados, que s\u00e3o l\u00e2mpadas LED de 120W com fluxo luminoso de 14.400. \u201cCom l\u00e2mpadas novas e de tecnologia diferente da Multivapor Met\u00e1lico de 250W, a necessidade de manuten\u00e7\u00e3o \u00e9 reduzida, impactando tamb\u00e9m no custo espec\u00edfico\u201d, comenta.<\/p>\n\n\n\n<div class=\"wp-block-image\"><figure class=\"aligncenter size-large\"><img loading=\"lazy\" decoding=\"async\" width=\"1200\" height=\"800\" src=\"https:\/\/tvtecjundiai.com.br\/news\/wp-content\/uploads\/sites\/2\/2021\/09\/iluminacao_antes_avenida_jundiai-1-1200x800.jpg\" alt=\"\" class=\"wp-image-82475\" srcset=\"https:\/\/tvtecjundiai.com.br\/news\/wp-content\/uploads\/sites\/2\/2021\/09\/iluminacao_antes_avenida_jundiai-1-1200x800.jpg 1200w, https:\/\/tvtecjundiai.com.br\/news\/wp-content\/uploads\/sites\/2\/2021\/09\/iluminacao_antes_avenida_jundiai-1-300x200.jpg 300w, https:\/\/tvtecjundiai.com.br\/news\/wp-content\/uploads\/sites\/2\/2021\/09\/iluminacao_antes_avenida_jundiai-1-768x512.jpg 768w, https:\/\/tvtecjundiai.com.br\/news\/wp-content\/uploads\/sites\/2\/2021\/09\/iluminacao_antes_avenida_jundiai-1.jpg 1280w\" sizes=\"auto, (max-width: 1200px) 100vw, 1200px\" \/><figcaption>Antes, l\u00e2mpadas com vapor met\u00e1lico exigiam maior manuten\u00e7\u00e3o e maior consumo de energia<\/figcaption><\/figure><\/div>\n\n\n\n<p><strong><em>(Fonte\/Imagem: Prefeitura de Jundia\u00ed)<\/em><\/strong><\/p>\n","protected":false},"excerpt":{"rendered":"<p>O investimento garante economia de 56% no consumo de energia.<\/p>\n","protected":false},"author":25,"featured_media":82475,"comment_status":"closed","ping_status":"closed","sticky":false,"template":"","format":"standard","meta":{"footnotes":""},"categories":[1],"tags":[],"class_list":["post-82473","post","type-post","status-publish","format-standard","has-post-thumbnail","hentry","category-noticias"],"_links":{"self":[{"href":"https:\/\/tvtecjundiai.com.br\/news\/wp-json\/wp\/v2\/posts\/82473","targetHints":{"allow":["GET"]}}],"collection":[{"href":"https:\/\/tvtecjundiai.com.br\/news\/wp-json\/wp\/v2\/posts"}],"about":[{"href":"https:\/\/tvtecjundiai.com.br\/news\/wp-json\/wp\/v2\/types\/post"}],"author":[{"embeddable":true,"href":"https:\/\/tvtecjundiai.com.br\/news\/wp-json\/wp\/v2\/users\/25"}],"replies":[{"embeddable":true,"href":"https:\/\/tvtecjundiai.com.br\/news\/wp-json\/wp\/v2\/comments?post=82473"}],"version-history":[{"count":1,"href":"https:\/\/tvtecjundiai.com.br\/news\/wp-json\/wp\/v2\/posts\/82473\/revisions"}],"predecessor-version":[{"id":82476,"href":"https:\/\/tvtecjundiai.com.br\/news\/wp-json\/wp\/v2\/posts\/82473\/revisions\/82476"}],"wp:featuredmedia":[{"embeddable":true,"href":"https:\/\/tvtecjundiai.com.br\/news\/wp-json\/wp\/v2\/media\/82475"}],"wp:attachment":[{"href":"https:\/\/tvtecjundiai.com.br\/news\/wp-json\/wp\/v2\/media?parent=82473"}],"wp:term":[{"taxonomy":"category","embeddable":true,"href":"https:\/\/tvtecjundiai.com.br\/news\/wp-json\/wp\/v2\/categories?post=82473"},{"taxonomy":"post_tag","embeddable":true,"href":"https:\/\/tvtecjundiai.com.br\/news\/wp-json\/wp\/v2\/tags?post=82473"}],"curies":[{"name":"wp","href":"https:\/\/api.w.org\/{rel}","templated":true}]}}