{"id":82484,"date":"2021-09-21T15:15:17","date_gmt":"2021-09-21T18:15:17","guid":{"rendered":"https:\/\/tvtecjundiai.com.br\/news\/?p=82484"},"modified":"2021-09-21T15:15:17","modified_gmt":"2021-09-21T18:15:17","slug":"lar-analia-franco-no-anhangabau-constroi-horta-feliz-e-jardim-sensorial-para-as-criancas","status":"publish","type":"post","link":"https:\/\/tvtecjundiai.com.br\/news\/2021\/09\/21\/lar-analia-franco-no-anhangabau-constroi-horta-feliz-e-jardim-sensorial-para-as-criancas\/","title":{"rendered":"Lar An\u00e1lia Franco, no Anhangaba\u00fa, constr\u00f3i &#8216;Horta Feliz&#8217; e jardim sensorial para as crian\u00e7as"},"content":{"rendered":"\n<p>Com a presen\u00e7a de autoridades e educadores, o Lar An\u00e1lia Franco inaugurou sua Horta Feliz na manh\u00e3 desta ter\u00e7a-feira (21). Para a constru\u00e7\u00e3o desse espa\u00e7o, a Institui\u00e7\u00e3o Beneficente, localizada no bairro Anhangaba\u00fa, contou com o apoio da Gest\u00e3o de Educa\u00e7\u00e3o. O prefeito Luiz Fernando Machado e a gestora de Educa\u00e7\u00e3o, Vasti Ferrari Marques, estiveram no evento. O Lar An\u00e1lia Franco atende 95 crian\u00e7as de 1 a 3 anos de idade da rede municipal de ensino por meio de um conv\u00eanio com a Prefeitura de Jundia\u00ed.<\/p>\n\n\n\n<div class=\"wp-block-image\"><figure class=\"aligncenter size-large\"><img loading=\"lazy\" decoding=\"async\" width=\"1200\" height=\"800\" src=\"https:\/\/tvtecjundiai.com.br\/news\/wp-content\/uploads\/sites\/2\/2021\/09\/prefeito_visita_lar_analia_franco-380-1200x800.jpg\" alt=\"\" class=\"wp-image-82485\" srcset=\"https:\/\/tvtecjundiai.com.br\/news\/wp-content\/uploads\/sites\/2\/2021\/09\/prefeito_visita_lar_analia_franco-380-1200x800.jpg 1200w, https:\/\/tvtecjundiai.com.br\/news\/wp-content\/uploads\/sites\/2\/2021\/09\/prefeito_visita_lar_analia_franco-380-300x200.jpg 300w, https:\/\/tvtecjundiai.com.br\/news\/wp-content\/uploads\/sites\/2\/2021\/09\/prefeito_visita_lar_analia_franco-380-768x512.jpg 768w, https:\/\/tvtecjundiai.com.br\/news\/wp-content\/uploads\/sites\/2\/2021\/09\/prefeito_visita_lar_analia_franco-380.jpg 1280w\" sizes=\"auto, (max-width: 1200px) 100vw, 1200px\" \/><figcaption>Prefeito Luiz Fernando participa de roda de canto com crian\u00e7as e educadoras<\/figcaption><\/figure><\/div>\n\n\n\n<p>\u201cEstamos encantados com o trabalho e a estrutura que encontramos aqui\u201d, disse o prefeito. \u201cJundia\u00ed se destaca pela qualidade do ensino e pela estrutura que pode oferecer \u00e0s suas crian\u00e7as, atrav\u00e9s de programas como o Escola Inovadora, nos quais sempre buscamos conservar pr\u00e1ticas como o contato com a terra e com a natureza. Isso \u00e9 essencial.\u201d<\/p>\n\n\n\n<p>\u201c\u00c9 muito importante poder participar da constru\u00e7\u00e3o de espa\u00e7os que levam as crian\u00e7as \u00e0 conscientiza\u00e7\u00e3o das aprendizagens sobre a alimenta\u00e7\u00e3o saud\u00e1vel, para que elas entendam um pouco do que \u00e9 a agricultura\u201d, declarou Vasti. \u201cA Gest\u00e3o de Educa\u00e7\u00e3o contribuiu com a constru\u00e7\u00e3o da Horta Feliz fazendo a doa\u00e7\u00e3o de materiais como areia, pedrisco, terra e paralelep\u00edpedos\u201d, explicou o diretor de Obras e Manuten\u00e7\u00e3o Escolar, Jefferson Aparecido Spina. Ao lado da horta, foi constru\u00eddo tamb\u00e9m um jardim sensorial, voltado para experi\u00eancias de toque em diferentes materiais da natureza.<\/p>\n\n\n\n<p>Os convidados foram recepcionados pelo presidente do Lar An\u00e1lia Franco, M\u00e1rcio Brand\u00e3o. Tamb\u00e9m estiveram na inaugura\u00e7\u00e3o da horta o vice-prefeito de Jundia\u00ed, Gustavo Martinelli e o gestor de Mobilidade e Transporte, Aloysio Queiroz.<\/p>\n\n\n\n<div class=\"wp-block-image\"><figure class=\"aligncenter size-large\"><img loading=\"lazy\" decoding=\"async\" width=\"1200\" height=\"800\" src=\"https:\/\/tvtecjundiai.com.br\/news\/wp-content\/uploads\/sites\/2\/2021\/09\/prefeito_visita_lar_analia_franco-479-1200x800.jpg\" alt=\"\" class=\"wp-image-82486\" srcset=\"https:\/\/tvtecjundiai.com.br\/news\/wp-content\/uploads\/sites\/2\/2021\/09\/prefeito_visita_lar_analia_franco-479-1200x800.jpg 1200w, https:\/\/tvtecjundiai.com.br\/news\/wp-content\/uploads\/sites\/2\/2021\/09\/prefeito_visita_lar_analia_franco-479-300x200.jpg 300w, https:\/\/tvtecjundiai.com.br\/news\/wp-content\/uploads\/sites\/2\/2021\/09\/prefeito_visita_lar_analia_franco-479-768x512.jpg 768w, https:\/\/tvtecjundiai.com.br\/news\/wp-content\/uploads\/sites\/2\/2021\/09\/prefeito_visita_lar_analia_franco-479.jpg 1280w\" sizes=\"auto, (max-width: 1200px) 100vw, 1200px\" \/><figcaption>Nova horta recebeu da Prefeitura a doa\u00e7\u00e3o de materiais como areia, pedrisco, terra e paralelep\u00edpedos<\/figcaption><\/figure><\/div>\n\n\n\n<div class=\"wp-block-image\"><figure class=\"aligncenter size-large\"><img loading=\"lazy\" decoding=\"async\" width=\"1200\" height=\"800\" src=\"https:\/\/tvtecjundiai.com.br\/news\/wp-content\/uploads\/sites\/2\/2021\/09\/prefeito_visita_lar_analia_franco-281-1200x800.jpg\" alt=\"\" class=\"wp-image-82487\" srcset=\"https:\/\/tvtecjundiai.com.br\/news\/wp-content\/uploads\/sites\/2\/2021\/09\/prefeito_visita_lar_analia_franco-281-1200x800.jpg 1200w, https:\/\/tvtecjundiai.com.br\/news\/wp-content\/uploads\/sites\/2\/2021\/09\/prefeito_visita_lar_analia_franco-281-300x200.jpg 300w, https:\/\/tvtecjundiai.com.br\/news\/wp-content\/uploads\/sites\/2\/2021\/09\/prefeito_visita_lar_analia_franco-281-768x512.jpg 768w, https:\/\/tvtecjundiai.com.br\/news\/wp-content\/uploads\/sites\/2\/2021\/09\/prefeito_visita_lar_analia_franco-281.jpg 1280w\" sizes=\"auto, (max-width: 1200px) 100vw, 1200px\" \/><figcaption>O prefeito Luiz Fernando, o presidente do Lar An\u00e1lia Franco, M\u00e1rcio Brand\u00e3o, e o vice-presidente Gustavo Martinelli<\/figcaption><\/figure><\/div>\n\n\n\n<p><em><strong>(Fonte\/Imagem: Prefeitura de Jundia\u00ed)<\/strong><\/em><\/p>\n","protected":false},"excerpt":{"rendered":"<p>O Lar An\u00e1lia Franco atende 95 crian\u00e7as de 1 a 3 anos de idade da rede municipal de ensino.<\/p>\n","protected":false},"author":25,"featured_media":82486,"comment_status":"closed","ping_status":"closed","sticky":false,"template":"","format":"standard","meta":{"footnotes":""},"categories":[2828,1],"tags":[],"class_list":["post-82484","post","type-post","status-publish","format-standard","has-post-thumbnail","hentry","category-educacao","category-noticias"],"_links":{"self":[{"href":"https:\/\/tvtecjundiai.com.br\/news\/wp-json\/wp\/v2\/posts\/82484","targetHints":{"allow":["GET"]}}],"collection":[{"href":"https:\/\/tvtecjundiai.com.br\/news\/wp-json\/wp\/v2\/posts"}],"about":[{"href":"https:\/\/tvtecjundiai.com.br\/news\/wp-json\/wp\/v2\/types\/post"}],"author":[{"embeddable":true,"href":"https:\/\/tvtecjundiai.com.br\/news\/wp-json\/wp\/v2\/users\/25"}],"replies":[{"embeddable":true,"href":"https:\/\/tvtecjundiai.com.br\/news\/wp-json\/wp\/v2\/comments?post=82484"}],"version-history":[{"count":1,"href":"https:\/\/tvtecjundiai.com.br\/news\/wp-json\/wp\/v2\/posts\/82484\/revisions"}],"predecessor-version":[{"id":82495,"href":"https:\/\/tvtecjundiai.com.br\/news\/wp-json\/wp\/v2\/posts\/82484\/revisions\/82495"}],"wp:featuredmedia":[{"embeddable":true,"href":"https:\/\/tvtecjundiai.com.br\/news\/wp-json\/wp\/v2\/media\/82486"}],"wp:attachment":[{"href":"https:\/\/tvtecjundiai.com.br\/news\/wp-json\/wp\/v2\/media?parent=82484"}],"wp:term":[{"taxonomy":"category","embeddable":true,"href":"https:\/\/tvtecjundiai.com.br\/news\/wp-json\/wp\/v2\/categories?post=82484"},{"taxonomy":"post_tag","embeddable":true,"href":"https:\/\/tvtecjundiai.com.br\/news\/wp-json\/wp\/v2\/tags?post=82484"}],"curies":[{"name":"wp","href":"https:\/\/api.w.org\/{rel}","templated":true}]}}