{"id":82488,"date":"2021-09-21T15:11:04","date_gmt":"2021-09-21T18:11:04","guid":{"rendered":"https:\/\/tvtecjundiai.com.br\/news\/?p=82488"},"modified":"2021-09-21T15:11:28","modified_gmt":"2021-09-21T18:11:28","slug":"setembro-azul-comeca-nesta-terca-21-a-programacao-de-palestras-e-oficinas-para-a-comunidade-surda","status":"publish","type":"post","link":"https:\/\/tvtecjundiai.com.br\/news\/2021\/09\/21\/setembro-azul-comeca-nesta-terca-21-a-programacao-de-palestras-e-oficinas-para-a-comunidade-surda\/","title":{"rendered":"Setembro Azul: come\u00e7a nesta ter\u00e7a (21) a programa\u00e7\u00e3o de palestras e oficinas para a comunidade surda"},"content":{"rendered":"\n<p>Come\u00e7a na noite desta ter\u00e7a-feira (21) a programa\u00e7\u00e3o on-line de palestras e oficinas tem\u00e1ticas do Setembro Azul, m\u00eas da visibilidade da comunidade surda brasileira. As atividades ter\u00e3o transmiss\u00e3o ao vivo pelas redes sociais Cultura Jundia\u00ed no&nbsp;<a rel=\"noreferrer noopener\" href=\"https:\/\/www.facebook.com\/culturajundiai\" target=\"_blank\">Facebook<\/a>&nbsp;e do&nbsp;<a rel=\"noreferrer noopener\" href=\"https:\/\/www.youtube.com\/c\/CulturaJundia%C3%AD\/featured\" target=\"_blank\">YouTube<\/a>, e tradu\u00e7\u00e3o simult\u00e2nea para ouvintes.<\/p>\n\n\n\n<p>Nesta ter\u00e7a (21), a programa\u00e7\u00e3o inicia-se \u00e0s 19h30, com a palestra \u201cCultura Surda\u201d, com o palestrante surdo Milton Romero Filho, e \u00e0s 20h30 com a palestra \u201cConta\u00e7\u00e3o de Hist\u00f3ria para crian\u00e7as surdas\u201d, com a palestrante surda&nbsp;Alicyary Queiroz.<\/p>\n\n\n\n<p>O objetivo da programa\u00e7\u00e3o \u00e9 promover a conscientiza\u00e7\u00e3o da sociedade sobre a acessibilidade do surdo ao trabalho, \u00e0 educa\u00e7\u00e3o e \u00e0 sa\u00fade, possibilitando assim melhores condi\u00e7\u00f5es de vida, dignidade e cidadania; bem como divulgar as conquistas obtidas pela comunidade surda ao longo dos anos.<\/p>\n\n\n\n<figure class=\"wp-block-image\"><img decoding=\"async\" src=\"https:\/\/jundiai.sp.gov.br\/noticias\/wp-content\/uploads\/sites\/32\/2021\/09\/setembro-azul_surdo-7.jpg\" alt=\"Detalhe de mulher com cabelos castanhos compridos, usando m\u00e1scara, fazendo gestos com as palmas das m\u00e3os\" class=\"wp-image-276768\" \/><figcaption>Setembro Azul: programa\u00e7\u00e3o traz palestras e oficians<\/figcaption><\/figure>\n\n\n\n<p>Confira a programa\u00e7\u00e3o completa:<\/p>\n\n\n\n<ul class=\"wp-block-list\"><li>Ter\u00e7a-feira (21)<br>19h30 \u2013 Palestra \u201cCultura Surda\u201d, com Milton Romero Filho \u2013 palestrante surdo;<br>20h30 \u2013 Palestra \u201cConta\u00e7\u00e3o de Hist\u00f3ria para crian\u00e7as surdas\u201d, com Alicyary Queiroz \u2013 palestrante surda;<\/li><li>Quarta-feira (22)<br>19h30 \u2013 Oficina: \u201cPoesias do alfabeto da l\u00edngua brasileira de sinais\u201d, com Pollyana Cristina \u2013 palestrante surda.<\/li><li>Quinta-feira (23)<br>19h30 \u2013 Palestra \u201cTradu\u00e7\u00e3o no contexto das g\u00edrias\u201d, com Lyndsen Andrade \u2013 palestrante surda;<\/li><li>Sexta-feira (24)<br>19h30 \u2013 Oficina: \u201cPoesia em Libras\u201d, com F\u00e1bio de S\u00e1 \u2013 professor surdo;<\/li><li>S\u00e1bado (25)<br>16h \u2013 Oficina: \u201cSlam\u201d, com Catharine Moreira \u2013 professora surda.<\/li><\/ul>\n\n\n\n<p>O Dia Nacional dos Surdos \u00e9 comemorado no dia 26 de setembro. A data&nbsp;foi escolhida&nbsp;porque&nbsp;neste dia, em 1857 a comunidade&nbsp;surda&nbsp;teve uma grande vit\u00f3ria: a cria\u00e7\u00e3o da primeira Escola de&nbsp;Surdos&nbsp;no Brasil. Atualmente conhecido como INES Instituto Nacional de Educa\u00e7\u00e3o de&nbsp;Surdos.<\/p>\n\n\n\n<p><strong><em>(Fonte\/Imagem: Prefeitura de Jundia\u00ed)<\/em><\/strong><\/p>\n","protected":false},"excerpt":{"rendered":"<p>O objetivo da programa\u00e7\u00e3o \u00e9 promover a conscientiza\u00e7\u00e3o da sociedade sobre a acessibilidade do surdo.<\/p>\n","protected":false},"author":27,"featured_media":82489,"comment_status":"closed","ping_status":"closed","sticky":false,"template":"","format":"standard","meta":{"footnotes":""},"categories":[8356],"tags":[],"class_list":["post-82488","post","type-post","status-publish","format-standard","has-post-thumbnail","hentry","category-jundiai"],"_links":{"self":[{"href":"https:\/\/tvtecjundiai.com.br\/news\/wp-json\/wp\/v2\/posts\/82488","targetHints":{"allow":["GET"]}}],"collection":[{"href":"https:\/\/tvtecjundiai.com.br\/news\/wp-json\/wp\/v2\/posts"}],"about":[{"href":"https:\/\/tvtecjundiai.com.br\/news\/wp-json\/wp\/v2\/types\/post"}],"author":[{"embeddable":true,"href":"https:\/\/tvtecjundiai.com.br\/news\/wp-json\/wp\/v2\/users\/27"}],"replies":[{"embeddable":true,"href":"https:\/\/tvtecjundiai.com.br\/news\/wp-json\/wp\/v2\/comments?post=82488"}],"version-history":[{"count":1,"href":"https:\/\/tvtecjundiai.com.br\/news\/wp-json\/wp\/v2\/posts\/82488\/revisions"}],"predecessor-version":[{"id":82490,"href":"https:\/\/tvtecjundiai.com.br\/news\/wp-json\/wp\/v2\/posts\/82488\/revisions\/82490"}],"wp:featuredmedia":[{"embeddable":true,"href":"https:\/\/tvtecjundiai.com.br\/news\/wp-json\/wp\/v2\/media\/82489"}],"wp:attachment":[{"href":"https:\/\/tvtecjundiai.com.br\/news\/wp-json\/wp\/v2\/media?parent=82488"}],"wp:term":[{"taxonomy":"category","embeddable":true,"href":"https:\/\/tvtecjundiai.com.br\/news\/wp-json\/wp\/v2\/categories?post=82488"},{"taxonomy":"post_tag","embeddable":true,"href":"https:\/\/tvtecjundiai.com.br\/news\/wp-json\/wp\/v2\/tags?post=82488"}],"curies":[{"name":"wp","href":"https:\/\/api.w.org\/{rel}","templated":true}]}}