{"id":82502,"date":"2021-09-21T16:14:27","date_gmt":"2021-09-21T19:14:27","guid":{"rendered":"https:\/\/tvtecjundiai.com.br\/news\/?p=82502"},"modified":"2021-09-21T16:27:44","modified_gmt":"2021-09-21T19:27:44","slug":"dia-mundial-sem-carro-planejamento-e-meio-ambiente-convida-para-reflexao-em-alternativas-ao-automovel-1","status":"publish","type":"post","link":"https:\/\/tvtecjundiai.com.br\/news\/2021\/09\/21\/dia-mundial-sem-carro-planejamento-e-meio-ambiente-convida-para-reflexao-em-alternativas-ao-automovel-1\/","title":{"rendered":"A\u00e7\u00e3o do Dia Mundial Sem Carro incentiva bicicleta e caminhada como transporte di\u00e1rio"},"content":{"rendered":"\n<p>Comemorado nesta quarta-feira (22), o Dia Mundial Sem Carro \u00e9 uma data celebrada para a reflex\u00e3o sobre o uso excessivo do autom\u00f3vel. A Unidade de Gest\u00e3o de Planejamento Urbano e Meio Ambiente (UGPUMA) convida a popula\u00e7\u00e3o de Jundia\u00ed para uma reflex\u00e3o sobre o tema e tamb\u00e9m a pensar e utilizar alternativas para o deslocamento neste dia, em substitui\u00e7\u00e3o ao autom\u00f3vel.&nbsp;<\/p>\n\n\n\n<p>O gestor da UGPUMA, Sin\u00e9sio Scarabello Filho, lembra que o mundo vive momentos de fen\u00f4menos clim\u00e1ticos extremos provocados pelo aquecimento global, que tem como causa diversos fatores, sendo os mais importantes a emiss\u00e3o de gases de efeito estufa na atmosfera e o desmatamento. \u201cS\u00e3o fatores oriundos da atividade humana que podem ser reduzidos, at\u00e9 eliminados, mas dependem da mudan\u00e7a do nosso comportamento. 21 de setembro \u00e9 o Dia da \u00c1rvore e 22 o Dia Mundial Sem Carro, s\u00e3o duas importantes datas que merecem a nossa reflex\u00e3o. Por isso, convidamos a popula\u00e7\u00e3o para que pensem em alternativas para o deslocamento nesta quarta-feira (22).\u201d<\/p>\n\n\n\n<div class=\"wp-block-image\"><figure class=\"aligncenter size-large\"><img loading=\"lazy\" decoding=\"async\" width=\"1200\" height=\"675\" src=\"https:\/\/tvtecjundiai.com.br\/news\/wp-content\/uploads\/sites\/2\/2021\/09\/Design-sem-nome-10-1200x675.png\" alt=\"\" class=\"wp-image-82507\" srcset=\"https:\/\/tvtecjundiai.com.br\/news\/wp-content\/uploads\/sites\/2\/2021\/09\/Design-sem-nome-10-1200x675.png 1200w, https:\/\/tvtecjundiai.com.br\/news\/wp-content\/uploads\/sites\/2\/2021\/09\/Design-sem-nome-10-300x169.png 300w, https:\/\/tvtecjundiai.com.br\/news\/wp-content\/uploads\/sites\/2\/2021\/09\/Design-sem-nome-10-768x432.png 768w, https:\/\/tvtecjundiai.com.br\/news\/wp-content\/uploads\/sites\/2\/2021\/09\/Design-sem-nome-10.png 1280w\" sizes=\"auto, (max-width: 1200px) 100vw, 1200px\" \/><\/figure><\/div>\n\n\n\n<p>Pegar uma carona com um amigo que faz o caminho similar, ir at\u00e9 o destino de bicicleta, transporte p\u00fablico ou mesmo com caminhada s\u00e3o alternativas para substituir o carro.&nbsp;<\/p>\n\n\n\n<p>\u201cNo dia 22, logo pela manh\u00e3, pode-se substituir os deslocamentos de at\u00e9 tr\u00eas quil\u00f4metros, que de autom\u00f3vel consome pelo menos 15 a 20 minutos, incluindo tempo gasto nos cruzamentos e na busca de estacionamento, por uma caminhada, que vai consumir de 30 a 35 minutos. Ser\u00e3o 15 minutos adicionais gastos no deslocamento, 15 minutos experimentando a liberdade de n\u00e3o depender do autom\u00f3vel e de, de fato, conhecer a nossa cidade, percebendo-a sem a intermedia\u00e7\u00e3o de uma m\u00e1quina. Duas experi\u00eancias que podem ser repetidas, e at\u00e9 tornar-se h\u00e1bito, que podem mudar o nosso comportamento\u201d, alega Sin\u00e9sio, que frequentemente faz o trajeto da sua casa at\u00e9 o trabalho com caminhadas no lugar do autom\u00f3vel.&nbsp;<\/p>\n\n\n\n<p><strong><em>(Fonte\/Imagem: Prefeitura de Jundia\u00ed)<\/em><\/strong><\/p>\n","protected":false},"excerpt":{"rendered":"<p>Carona, bicicleta, transporte p\u00fablico ou caminhada s\u00e3o alternativas para substituir o carro.\u00a0<\/p>\n","protected":false},"author":27,"featured_media":82507,"comment_status":"closed","ping_status":"closed","sticky":false,"template":"","format":"standard","meta":{"footnotes":""},"categories":[8356],"tags":[],"class_list":["post-82502","post","type-post","status-publish","format-standard","has-post-thumbnail","hentry","category-jundiai"],"_links":{"self":[{"href":"https:\/\/tvtecjundiai.com.br\/news\/wp-json\/wp\/v2\/posts\/82502","targetHints":{"allow":["GET"]}}],"collection":[{"href":"https:\/\/tvtecjundiai.com.br\/news\/wp-json\/wp\/v2\/posts"}],"about":[{"href":"https:\/\/tvtecjundiai.com.br\/news\/wp-json\/wp\/v2\/types\/post"}],"author":[{"embeddable":true,"href":"https:\/\/tvtecjundiai.com.br\/news\/wp-json\/wp\/v2\/users\/27"}],"replies":[{"embeddable":true,"href":"https:\/\/tvtecjundiai.com.br\/news\/wp-json\/wp\/v2\/comments?post=82502"}],"version-history":[{"count":2,"href":"https:\/\/tvtecjundiai.com.br\/news\/wp-json\/wp\/v2\/posts\/82502\/revisions"}],"predecessor-version":[{"id":82508,"href":"https:\/\/tvtecjundiai.com.br\/news\/wp-json\/wp\/v2\/posts\/82502\/revisions\/82508"}],"wp:featuredmedia":[{"embeddable":true,"href":"https:\/\/tvtecjundiai.com.br\/news\/wp-json\/wp\/v2\/media\/82507"}],"wp:attachment":[{"href":"https:\/\/tvtecjundiai.com.br\/news\/wp-json\/wp\/v2\/media?parent=82502"}],"wp:term":[{"taxonomy":"category","embeddable":true,"href":"https:\/\/tvtecjundiai.com.br\/news\/wp-json\/wp\/v2\/categories?post=82502"},{"taxonomy":"post_tag","embeddable":true,"href":"https:\/\/tvtecjundiai.com.br\/news\/wp-json\/wp\/v2\/tags?post=82502"}],"curies":[{"name":"wp","href":"https:\/\/api.w.org\/{rel}","templated":true}]}}