{"id":82509,"date":"2021-09-21T16:44:42","date_gmt":"2021-09-21T19:44:42","guid":{"rendered":"https:\/\/tvtecjundiai.com.br\/news\/?p=82509"},"modified":"2021-09-21T16:44:43","modified_gmt":"2021-09-21T19:44:43","slug":"jundiai-registrou-dois-obitos-e-61-novos-casos-de-covid-19-nesta-terca-feira-21","status":"publish","type":"post","link":"https:\/\/tvtecjundiai.com.br\/news\/2021\/09\/21\/jundiai-registrou-dois-obitos-e-61-novos-casos-de-covid-19-nesta-terca-feira-21\/","title":{"rendered":"Jundia\u00ed registrou dois \u00f3bitos e 61 novos casos de COVID-19 nesta ter\u00e7a-feira (21)"},"content":{"rendered":"\n<p>A Prefeitura de Jundia\u00ed informa que, nesta ter\u00e7a-feira (21), recebemos duas notifica\u00e7\u00f5es de \u00f3bitos de residentes na cidade causados pelo Novo Coronav\u00edrus, at\u00e9 o fechamento deste boletim.<\/p>\n\n\n\n<p>Homem, 75 anos, portador de pneumopatia cr\u00f4nica e diabetes. Faleceu 12\/09 em outro munic\u00edpio.<\/p>\n\n\n\n<p>Homem, 76 anos, obeso. Faleceu 20\/09 em outro munic\u00edpio.<\/p>\n\n\n\n<p>At\u00e9 o momento, a cidade registra 1585 \u00f3bitos causados pela COVID-19 desde o in\u00edcio da pandemia.<\/p>\n\n\n\n<div class=\"wp-block-image\"><figure class=\"aligncenter size-large\"><img loading=\"lazy\" decoding=\"async\" width=\"960\" height=\"960\" src=\"https:\/\/tvtecjundiai.com.br\/news\/wp-content\/uploads\/sites\/2\/2021\/09\/slide1-17-960x960.png\" alt=\"\" class=\"wp-image-82510\" srcset=\"https:\/\/tvtecjundiai.com.br\/news\/wp-content\/uploads\/sites\/2\/2021\/09\/slide1-17-960x960.png 960w, https:\/\/tvtecjundiai.com.br\/news\/wp-content\/uploads\/sites\/2\/2021\/09\/slide1-17-300x300.png 300w, https:\/\/tvtecjundiai.com.br\/news\/wp-content\/uploads\/sites\/2\/2021\/09\/slide1-17-100x100.png 100w, https:\/\/tvtecjundiai.com.br\/news\/wp-content\/uploads\/sites\/2\/2021\/09\/slide1-17-768x768.png 768w, https:\/\/tvtecjundiai.com.br\/news\/wp-content\/uploads\/sites\/2\/2021\/09\/slide1-17.png 1280w\" sizes=\"auto, (max-width: 960px) 100vw, 960px\" \/><\/figure><\/div>\n\n\n\n<div class=\"wp-block-image\"><figure class=\"aligncenter size-large\"><img loading=\"lazy\" decoding=\"async\" width=\"960\" height=\"960\" src=\"https:\/\/tvtecjundiai.com.br\/news\/wp-content\/uploads\/sites\/2\/2021\/09\/slide2-14-960x960.png\" alt=\"\" class=\"wp-image-82511\" srcset=\"https:\/\/tvtecjundiai.com.br\/news\/wp-content\/uploads\/sites\/2\/2021\/09\/slide2-14-960x960.png 960w, https:\/\/tvtecjundiai.com.br\/news\/wp-content\/uploads\/sites\/2\/2021\/09\/slide2-14-300x300.png 300w, https:\/\/tvtecjundiai.com.br\/news\/wp-content\/uploads\/sites\/2\/2021\/09\/slide2-14-100x100.png 100w, https:\/\/tvtecjundiai.com.br\/news\/wp-content\/uploads\/sites\/2\/2021\/09\/slide2-14-768x768.png 768w, https:\/\/tvtecjundiai.com.br\/news\/wp-content\/uploads\/sites\/2\/2021\/09\/slide2-14.png 1280w\" sizes=\"auto, (max-width: 960px) 100vw, 960px\" \/><\/figure><\/div>\n\n\n\n<p><strong><em>(Fonte\/Imagem: Prefeitura de Jundia\u00ed)<\/em><\/strong><\/p>\n","protected":false},"excerpt":{"rendered":"<p>As v\u00edtimas foram dois homens de 75 e 76 anos.<\/p>\n","protected":false},"author":25,"featured_media":82512,"comment_status":"closed","ping_status":"closed","sticky":false,"template":"","format":"standard","meta":{"footnotes":""},"categories":[1],"tags":[],"class_list":["post-82509","post","type-post","status-publish","format-standard","has-post-thumbnail","hentry","category-noticias"],"_links":{"self":[{"href":"https:\/\/tvtecjundiai.com.br\/news\/wp-json\/wp\/v2\/posts\/82509","targetHints":{"allow":["GET"]}}],"collection":[{"href":"https:\/\/tvtecjundiai.com.br\/news\/wp-json\/wp\/v2\/posts"}],"about":[{"href":"https:\/\/tvtecjundiai.com.br\/news\/wp-json\/wp\/v2\/types\/post"}],"author":[{"embeddable":true,"href":"https:\/\/tvtecjundiai.com.br\/news\/wp-json\/wp\/v2\/users\/25"}],"replies":[{"embeddable":true,"href":"https:\/\/tvtecjundiai.com.br\/news\/wp-json\/wp\/v2\/comments?post=82509"}],"version-history":[{"count":1,"href":"https:\/\/tvtecjundiai.com.br\/news\/wp-json\/wp\/v2\/posts\/82509\/revisions"}],"predecessor-version":[{"id":82513,"href":"https:\/\/tvtecjundiai.com.br\/news\/wp-json\/wp\/v2\/posts\/82509\/revisions\/82513"}],"wp:featuredmedia":[{"embeddable":true,"href":"https:\/\/tvtecjundiai.com.br\/news\/wp-json\/wp\/v2\/media\/82512"}],"wp:attachment":[{"href":"https:\/\/tvtecjundiai.com.br\/news\/wp-json\/wp\/v2\/media?parent=82509"}],"wp:term":[{"taxonomy":"category","embeddable":true,"href":"https:\/\/tvtecjundiai.com.br\/news\/wp-json\/wp\/v2\/categories?post=82509"},{"taxonomy":"post_tag","embeddable":true,"href":"https:\/\/tvtecjundiai.com.br\/news\/wp-json\/wp\/v2\/tags?post=82509"}],"curies":[{"name":"wp","href":"https:\/\/api.w.org\/{rel}","templated":true}]}}