{"id":82563,"date":"2021-09-22T16:14:08","date_gmt":"2021-09-22T19:14:08","guid":{"rendered":"https:\/\/tvtecjundiai.com.br\/news\/?p=82563"},"modified":"2021-09-22T16:14:14","modified_gmt":"2021-09-22T19:14:14","slug":"parque-da-galinha-pintadinha-e-sua-turma-chega-ao-maxi-shopping","status":"publish","type":"post","link":"https:\/\/tvtecjundiai.com.br\/news\/2021\/09\/22\/parque-da-galinha-pintadinha-e-sua-turma-chega-ao-maxi-shopping\/","title":{"rendered":"Parque da &#8216;Galinha Pintadinha e sua Turma&#8217; chega ao Maxi Shopping"},"content":{"rendered":"\n<p>O Maxi Shopping Jundia\u00ed recebe, de 24 de setembro a 17 de outubro, na Pra\u00e7a das Bandeiras, \u201cO Parque da Galinha Pintadinha e Sua Turma\u201d, um evento l\u00fadico, que traz a magia da s\u00e9rie da galinha mais famosa do Brasil. No Parque, o Castelo \u00e9 a atra\u00e7\u00e3o principal, permitindo que os pequenos, de 3 a 10 anos, possam se divertir no mundo dos seus personagens favoritos.<\/p>\n\n\n\n<p>O evento foi concebido pela empresa Ludi Entretenimento, licenciada da Brom\u00e9lia Produ\u00e7\u00f5es, propriet\u00e1ria da marca, e \u00e9 composto de diversas atividades que acontecem no Castelo e no Parque, e de encontros com os personagens Galinha Pintadinha e Pintinho Amarelinho, seguindo, \u00e9 claro, rigorosamente o protocolo de seguran\u00e7a contra a COVID-19.<\/p>\n\n\n\n<div class=\"wp-block-image\"><figure class=\"aligncenter size-large\"><img loading=\"lazy\" decoding=\"async\" width=\"960\" height=\"960\" src=\"https:\/\/tvtecjundiai.com.br\/news\/wp-content\/uploads\/sites\/2\/2021\/09\/Maxi-Galinha-Pintadinha-setembro-2021-960x960.jpg\" alt=\"\" class=\"wp-image-82564\" \/><\/figure><\/div>\n\n\n\n<p>A garotada vai se divertir a valer no Escorregador e no Espa\u00e7o das Naftalinas \u2013 onde as roqueiras da s\u00e9rie v\u00e3o tematizar uma \u00e1rea com pista de dan\u00e7a e exibi\u00e7\u00e3o dos v\u00eddeos do desenho animado, al\u00e9m de pufs para descanso dos pais. O Pintinho Amarelinho tamb\u00e9m vai ter um espa\u00e7o no Parque com triciclos infantis para um passeio radical.<\/p>\n\n\n\n<p>Os baixinhos ainda v\u00e3o poder colorir desenhos dos personagens no Meeting Point e tirar aquela foto especial no Painel de Fotos para guardar de recorda\u00e7\u00e3o desses momentos inesquec\u00edveis. E, para aqueles que n\u00e3o deixam de lado o universo digital, um aplicativo de Ca\u00e7a aos Ovos com realidade aumentada estar\u00e1 dispon\u00edvel para download em smartphones e tablets, para que pais e filhos possam se divertir juntos em uma brincadeira interativa.<\/p>\n\n\n\n<p>Encontros com a Galinha Pintadinha e com o Pintinho Amarelo &#8211; Esses ador\u00e1veis personagens estar\u00e3o no shopping, todos os s\u00e1bados, domingos e feriado (12\/10), das 15h \u00e0s 18h, brincando e tirando fotos com a galera mirim. Ser\u00e3o disponibilizadas pulseiras para os participantes, momentos antes de cada sess\u00e3o. <\/p>\n\n\n\n<p><strong><em>(Fonte\/Imagem: SG Assessoria)<\/em><\/strong><\/p>\n","protected":false},"excerpt":{"rendered":"<p>A atra\u00e7\u00e3o permanece de 24 de setembro a 17 de outubro.<\/p>\n","protected":false},"author":25,"featured_media":82564,"comment_status":"closed","ping_status":"closed","sticky":false,"template":"","format":"standard","meta":{"footnotes":""},"categories":[1],"tags":[],"class_list":["post-82563","post","type-post","status-publish","format-standard","has-post-thumbnail","hentry","category-noticias"],"_links":{"self":[{"href":"https:\/\/tvtecjundiai.com.br\/news\/wp-json\/wp\/v2\/posts\/82563","targetHints":{"allow":["GET"]}}],"collection":[{"href":"https:\/\/tvtecjundiai.com.br\/news\/wp-json\/wp\/v2\/posts"}],"about":[{"href":"https:\/\/tvtecjundiai.com.br\/news\/wp-json\/wp\/v2\/types\/post"}],"author":[{"embeddable":true,"href":"https:\/\/tvtecjundiai.com.br\/news\/wp-json\/wp\/v2\/users\/25"}],"replies":[{"embeddable":true,"href":"https:\/\/tvtecjundiai.com.br\/news\/wp-json\/wp\/v2\/comments?post=82563"}],"version-history":[{"count":1,"href":"https:\/\/tvtecjundiai.com.br\/news\/wp-json\/wp\/v2\/posts\/82563\/revisions"}],"predecessor-version":[{"id":82565,"href":"https:\/\/tvtecjundiai.com.br\/news\/wp-json\/wp\/v2\/posts\/82563\/revisions\/82565"}],"wp:featuredmedia":[{"embeddable":true,"href":"https:\/\/tvtecjundiai.com.br\/news\/wp-json\/wp\/v2\/media\/82564"}],"wp:attachment":[{"href":"https:\/\/tvtecjundiai.com.br\/news\/wp-json\/wp\/v2\/media?parent=82563"}],"wp:term":[{"taxonomy":"category","embeddable":true,"href":"https:\/\/tvtecjundiai.com.br\/news\/wp-json\/wp\/v2\/categories?post=82563"},{"taxonomy":"post_tag","embeddable":true,"href":"https:\/\/tvtecjundiai.com.br\/news\/wp-json\/wp\/v2\/tags?post=82563"}],"curies":[{"name":"wp","href":"https:\/\/api.w.org\/{rel}","templated":true}]}}