{"id":82570,"date":"2021-09-22T17:47:56","date_gmt":"2021-09-22T20:47:56","guid":{"rendered":"https:\/\/tvtecjundiai.com.br\/news\/?p=82570"},"modified":"2021-09-22T17:48:02","modified_gmt":"2021-09-22T20:48:02","slug":"chegada-da-primavera-traz-mais-flores-e-cores-aos-jardins-do-solar-do-barao","status":"publish","type":"post","link":"https:\/\/tvtecjundiai.com.br\/news\/2021\/09\/22\/chegada-da-primavera-traz-mais-flores-e-cores-aos-jardins-do-solar-do-barao\/","title":{"rendered":"Chegada da Primavera traz mais flores e cores aos jardins do Solar do Bar\u00e3o"},"content":{"rendered":"\n<p>Apesar da queda da temperatura e do vento forte, esta quarta-feira (22) marca a chegada ao Hemisf\u00e9rio Sul da Primavera, esta\u00e7\u00e3o conhecida por suas flores e cores. Antes mesmo da data oficial, desde as \u00faltimas semanas, os frequentadores dos jardins do Solar do Bar\u00e3o t\u00eam podido contemplar um colorido especial em suas \u00e1rvores e canteiros, o que tem tornado a visita ao local ainda mais agrad\u00e1vel.<\/p>\n\n\n\n<p>Desatentos \u00e0 data, os amigos Gustavo Rodrigues e Felipe Guido, de 15 anos, os alunos da Escola Estadual Antenor Soares Gandra, no Centro, aproveitaram a sa\u00edda da aula para passear pelos jardins. \u201cN\u00e3o me lembrava de que hoje come\u00e7ava a primavera, at\u00e9 porque deu uma esfriada, mas mesmo assim o jardim est\u00e1 muito bonito\u201d, brincou Gustavo. \u201cPassando pela rua Bar\u00e3o me lembrei das exposi\u00e7\u00f5es que j\u00e1 visitei no Museu e aproveitei para descer e conferir os jardins. N\u00e3o me lembrava que tinha este jardim japon\u00eas\u201d, comentou Felipe.<\/p>\n\n\n\n<p>Quem visitou os jardins nas \u00faltimas semanas p\u00f4de conferir as floradas de diversas plantas, como as cerejeiras japonesas, orqu\u00eddeas, jades chinesas, rosas do deserto, al\u00e9m das frut\u00edferas macieira, pessegueiro e amoreira, e a tradicional jaboticabeira de 120 anos.<\/p>\n\n\n\n<figure class=\"wp-block-image\"><img decoding=\"async\" src=\"https:\/\/jundiai.sp.gov.br\/noticias\/wp-content\/uploads\/sites\/32\/2021\/09\/plantas-e-flores-do-solar-do-barao-na-primavera_c_-23.jpg\" alt=\"Dois mo\u00e7os, usando cal\u00e7as e roupas de frio e m\u00e1scaras, caminhando em meio a jardim com flores e plantas\" class=\"wp-image-276891\" \/><figcaption>Os amigos Gustavo e Felipe aproveitaram a sa\u00edda da aula para visitar os jardins<\/figcaption><\/figure>\n\n\n\n<p>\u201cEstes jardins e as excelentes condi\u00e7\u00f5es em que se encontram para receber nossos visitantes s\u00e3o o resultado de um esfor\u00e7o di\u00e1rio de manuten\u00e7\u00e3o, esfor\u00e7o compartilhado por todos os funcion\u00e1rios do Museu\u201d, explica o diretor do Departamento de Museus da Unidade de Gest\u00e3o de Cultura, Paulo Vicentini.<\/p>\n\n\n\n<p>O colorido dos jardins tamb\u00e9m fica por conta das instala\u00e7\u00f5es dos programas Cidade das Crian\u00e7as e P\u00e9 de Inf\u00e2ncia, voltadas para a crian\u00e7ada e seus cuidadores. Al\u00e9m da pintura de ch\u00e3o, feita pelos integrantes do Comit\u00ea das Crian\u00e7as para simular o rio Jundia\u00ed com sua fauna e flora, os jardins possuem ainda uma casa na \u00e1rvore, os brinquedos de madeira para desenvolvimento psicomotor e as placas com QR codes com o canto dos p\u00e1ssaros que tamb\u00e9m frequentam o local.<\/p>\n\n\n\n<p><strong>Museu<\/strong><br>Al\u00e9m dos jardins, os visitantes podem conferir o interior do pr\u00e9dio centen\u00e1rio do Solar do Bar\u00e3o, que hospeda o Museu Hist\u00f3rico e Cultural de Jundia\u00ed.<\/p>\n\n\n\n<p>Neste per\u00edodo, al\u00e9m de consultar parte do acervo permanente, o visitante pode conferir a exposi\u00e7\u00e3o \u201cJundiahy\u2026 Jundia\u00ed!\u201d, que narra a Hist\u00f3ria do Munic\u00edpio ao longo dos \u00faltimos s\u00e9culos por meio de fontes hist\u00f3ricas como arquivos, fotos, documentos e instala\u00e7\u00f5es interativas.<\/p>\n\n\n\n<p>O Museu fica na rua Bar\u00e3o de Jundia\u00ed, 762, Centro, e permanece aberto de ter\u00e7a-feira a domingo, das 10h \u00e0s 17h para visita\u00e7\u00e3o gratuita. Conforme estabelecido pelo Comit\u00ea Municipal de Preven\u00e7\u00e3o e Enfrentamento ao Coronav\u00edrus (CEC), o n\u00famero m\u00e1ximo de visitantes ao espa\u00e7o \u00e9 de at\u00e9 100 pessoas. O controle de acesso \u00e9 feito no local, sem necessidade de agendamento pr\u00e9vio.<\/p>\n\n\n\n<p>Mais informa\u00e7\u00f5es sobre o Museu podem ser obtidas pelo telefone (11) 4521-6259.<\/p>\n\n\n\n<p><em><strong>(Fonte\/Imagem: Prefeitura de Jundia\u00ed)<\/strong><\/em><\/p>\n","protected":false},"excerpt":{"rendered":"<p>Quem visitou os jardins nas \u00faltimas semanas p\u00f4de conferir as floradas de diversas plantas.<\/p>\n","protected":false},"author":27,"featured_media":82571,"comment_status":"closed","ping_status":"closed","sticky":false,"template":"","format":"standard","meta":{"footnotes":""},"categories":[8356],"tags":[],"class_list":["post-82570","post","type-post","status-publish","format-standard","has-post-thumbnail","hentry","category-jundiai"],"_links":{"self":[{"href":"https:\/\/tvtecjundiai.com.br\/news\/wp-json\/wp\/v2\/posts\/82570","targetHints":{"allow":["GET"]}}],"collection":[{"href":"https:\/\/tvtecjundiai.com.br\/news\/wp-json\/wp\/v2\/posts"}],"about":[{"href":"https:\/\/tvtecjundiai.com.br\/news\/wp-json\/wp\/v2\/types\/post"}],"author":[{"embeddable":true,"href":"https:\/\/tvtecjundiai.com.br\/news\/wp-json\/wp\/v2\/users\/27"}],"replies":[{"embeddable":true,"href":"https:\/\/tvtecjundiai.com.br\/news\/wp-json\/wp\/v2\/comments?post=82570"}],"version-history":[{"count":1,"href":"https:\/\/tvtecjundiai.com.br\/news\/wp-json\/wp\/v2\/posts\/82570\/revisions"}],"predecessor-version":[{"id":82572,"href":"https:\/\/tvtecjundiai.com.br\/news\/wp-json\/wp\/v2\/posts\/82570\/revisions\/82572"}],"wp:featuredmedia":[{"embeddable":true,"href":"https:\/\/tvtecjundiai.com.br\/news\/wp-json\/wp\/v2\/media\/82571"}],"wp:attachment":[{"href":"https:\/\/tvtecjundiai.com.br\/news\/wp-json\/wp\/v2\/media?parent=82570"}],"wp:term":[{"taxonomy":"category","embeddable":true,"href":"https:\/\/tvtecjundiai.com.br\/news\/wp-json\/wp\/v2\/categories?post=82570"},{"taxonomy":"post_tag","embeddable":true,"href":"https:\/\/tvtecjundiai.com.br\/news\/wp-json\/wp\/v2\/tags?post=82570"}],"curies":[{"name":"wp","href":"https:\/\/api.w.org\/{rel}","templated":true}]}}