{"id":82581,"date":"2021-09-23T09:23:37","date_gmt":"2021-09-23T12:23:37","guid":{"rendered":"https:\/\/tvtecjundiai.com.br\/news\/?p=82581"},"modified":"2021-09-23T09:23:40","modified_gmt":"2021-09-23T12:23:40","slug":"espetaculos-no-polytheama-tratam-do-consumo-consciente-de-agua-para-alunos-da-rede-municipal","status":"publish","type":"post","link":"https:\/\/tvtecjundiai.com.br\/news\/2021\/09\/23\/espetaculos-no-polytheama-tratam-do-consumo-consciente-de-agua-para-alunos-da-rede-municipal\/","title":{"rendered":"Espet\u00e1culos no Polytheama tratam do consumo consciente de \u00e1gua para alunos da rede municipal"},"content":{"rendered":"\n<p>As irm\u00e3s g\u00eameas Marina e Rachel Franco, de dez anos, usam a \u00e1gua de forma consciente: al\u00e9m do banho r\u00e1pido, elas desligam o chuveiro enquanto lavam o cabelo. Esse respeito com o meio ambiente as irm\u00e3s aprenderam em casa e nas aulas da professora Mileane Secatto do 5\u00ba ano na escola em que estudam, a Emeb Marcos Gasparian, no Centro. \u201cSomente 3% de toda a \u00e1gua do mundo \u00e9 pot\u00e1vel, por isso precisamos economizar\u201d, explicam, com o dado na ponta da l\u00edngua.<\/p>\n\n\n\n<p>Sobre esse tema, os alunos da escola da Marina e da Rachel e tamb\u00e9m da Emeb Professora Judith Almeida Curado Arruda, do Cidade Nova, acompanharam na manh\u00e3 desta quarta-feira (22) a pe\u00e7a \u201cAcabou a \u00e1gua do mundo, e agora?\u201d. Com tradu\u00e7\u00e3o simult\u00e2nea em L\u00edngua Brasileira de Sinais (libras), o espet\u00e1culo teatral infantil ser\u00e1 apresentado em quatro sess\u00f5es, tamb\u00e9m nesta quinta-feira (23), para um total de 800 alunos de diversas escolas da rede municipal de ensino. Tratando do desperd\u00edcio de \u00e1gua e de suas consequ\u00eancias, a pe\u00e7a narra a conscientiza\u00e7\u00e3o ambiental pela qual passam os irm\u00e3os Tonico e Tinoco quando descobrem que a \u00e1gua do mundo acabou, inclusive para beber e para os cuidados preventivos \u00e0 COVID-19.<\/p>\n\n\n\n<div class=\"wp-block-image\"><figure class=\"aligncenter size-large\"><img loading=\"lazy\" decoding=\"async\" width=\"1200\" height=\"800\" src=\"https:\/\/tvtecjundiai.com.br\/news\/wp-content\/uploads\/sites\/2\/2021\/09\/criancas-da-rede-de-ensino-assistem-peca-teatral-no-polytheama_c_-14-1200x800.jpg\" alt=\"\" class=\"wp-image-82582\" srcset=\"https:\/\/tvtecjundiai.com.br\/news\/wp-content\/uploads\/sites\/2\/2021\/09\/criancas-da-rede-de-ensino-assistem-peca-teatral-no-polytheama_c_-14-1200x800.jpg 1200w, https:\/\/tvtecjundiai.com.br\/news\/wp-content\/uploads\/sites\/2\/2021\/09\/criancas-da-rede-de-ensino-assistem-peca-teatral-no-polytheama_c_-14-300x200.jpg 300w, https:\/\/tvtecjundiai.com.br\/news\/wp-content\/uploads\/sites\/2\/2021\/09\/criancas-da-rede-de-ensino-assistem-peca-teatral-no-polytheama_c_-14-768x512.jpg 768w, https:\/\/tvtecjundiai.com.br\/news\/wp-content\/uploads\/sites\/2\/2021\/09\/criancas-da-rede-de-ensino-assistem-peca-teatral-no-polytheama_c_-14.jpg 1259w\" sizes=\"auto, (max-width: 1200px) 100vw, 1200px\" \/><figcaption>As irm\u00e3s Marina e Rachel fazem a sua parte e economizam \u00e1gua pensando do bem do planeta<\/figcaption><\/figure><\/div>\n\n\n\n<p>O gestor da Unidade de Cultura, Marcelo Peroni, refor\u00e7a a import\u00e2ncia da atividade como forma\u00e7\u00e3o a partir de uma atividade cultural. \u201cAl\u00e9m de tratar de um tema importante e atual no contexto h\u00eddrico, a atividade \u00e9 mais uma realiza\u00e7\u00e3o da plataforma de Educa\u00e7\u00e3o e Cultura, oferecendo um espet\u00e1culo teatral em um de nossos equipamentos culturais para os alunos da rede municipal de ensino\u201d<\/p>\n\n\n\n<p>Para a gestora da Unidade de Educa\u00e7\u00e3o, Vast\u00ed Ferrari Marques, o espet\u00e1culo ficar\u00e1 gravado na mem\u00f3ria dos alunos. \u201cA cultura, em suas diferentes artes, \u00e9 muito importante no processo de aprendizagem dos estudantes. A viv\u00eancia de ir ao Polytheama e assistir a um espet\u00e1culo de t\u00e3o boa qualidade ir\u00e1 fazer parte da mem\u00f3ria dos nossos meninos e meninas. O desemparedamento n\u00e3o \u00e9 estar apenas fora da sala de aula e sim participar de atividades que tragam experi\u00eancias significativas para as crian\u00e7as\u201d.<\/p>\n\n\n\n<p>Os espet\u00e1culos s\u00e3o uma produ\u00e7\u00e3o Rekriarte com co-produ\u00e7\u00e3o da D\u2019Color, e foram viabilizados pelo Programa de A\u00e7\u00e3o Cultural (ProAC), da Secretaria Estadual de Cultura e Economia Criativa, com patroc\u00ednio das empresas Continental Pneus e Usinagem JJ.<\/p>\n\n\n\n<p>A diretora-geral da Rekriarte, Roberta Melo, explica a escolha pelo Munic\u00edpio para a realiza\u00e7\u00e3o das apresenta\u00e7\u00f5es. \u201cJundia\u00ed \u00e9 uma refer\u00eancia e exemplo no cuidado com a \u00e1gua e est\u00e3o sediadas no Munic\u00edpio as empresas patrocinadoras. E por se tratar de um projeto contemplado em lei de incentivo, prezamos sempre pelas apresenta\u00e7\u00f5es para os alunos de escolas p\u00fablicas\u201d.<\/p>\n\n\n\n<figure class=\"wp-block-image size-full is-resized\"><img loading=\"lazy\" decoding=\"async\" src=\"https:\/\/tvtecjundiai.com.br\/news\/wp-content\/uploads\/sites\/2\/2021\/09\/criancas-da-rede-de-ensino-assistem-peca-teatral-no-polytheama_c_-31.jpg\" alt=\"\" class=\"wp-image-82583\" width=\"840\" height=\"560\" srcset=\"https:\/\/tvtecjundiai.com.br\/news\/wp-content\/uploads\/sites\/2\/2021\/09\/criancas-da-rede-de-ensino-assistem-peca-teatral-no-polytheama_c_-31.jpg 1003w, https:\/\/tvtecjundiai.com.br\/news\/wp-content\/uploads\/sites\/2\/2021\/09\/criancas-da-rede-de-ensino-assistem-peca-teatral-no-polytheama_c_-31-300x200.jpg 300w, https:\/\/tvtecjundiai.com.br\/news\/wp-content\/uploads\/sites\/2\/2021\/09\/criancas-da-rede-de-ensino-assistem-peca-teatral-no-polytheama_c_-31-768x512.jpg 768w\" sizes=\"auto, (max-width: 840px) 100vw, 840px\" \/><figcaption>Apresenta\u00e7\u00e3o foi toda acompanhada por tradutor de Libras no palco<\/figcaption><\/figure>\n\n\n\n<p><strong><em>(Fonte\/Imagem: Prefeitura de Jundia\u00ed)<\/em><\/strong><\/p>\n","protected":false},"excerpt":{"rendered":"<p>Apresenta\u00e7\u00e3o foi toda acompanhada por tradutor de Libras no palco.<\/p>\n","protected":false},"author":25,"featured_media":82584,"comment_status":"closed","ping_status":"closed","sticky":false,"template":"","format":"standard","meta":{"footnotes":""},"categories":[2828,1],"tags":[],"class_list":["post-82581","post","type-post","status-publish","format-standard","has-post-thumbnail","hentry","category-educacao","category-noticias"],"_links":{"self":[{"href":"https:\/\/tvtecjundiai.com.br\/news\/wp-json\/wp\/v2\/posts\/82581","targetHints":{"allow":["GET"]}}],"collection":[{"href":"https:\/\/tvtecjundiai.com.br\/news\/wp-json\/wp\/v2\/posts"}],"about":[{"href":"https:\/\/tvtecjundiai.com.br\/news\/wp-json\/wp\/v2\/types\/post"}],"author":[{"embeddable":true,"href":"https:\/\/tvtecjundiai.com.br\/news\/wp-json\/wp\/v2\/users\/25"}],"replies":[{"embeddable":true,"href":"https:\/\/tvtecjundiai.com.br\/news\/wp-json\/wp\/v2\/comments?post=82581"}],"version-history":[{"count":1,"href":"https:\/\/tvtecjundiai.com.br\/news\/wp-json\/wp\/v2\/posts\/82581\/revisions"}],"predecessor-version":[{"id":82585,"href":"https:\/\/tvtecjundiai.com.br\/news\/wp-json\/wp\/v2\/posts\/82581\/revisions\/82585"}],"wp:featuredmedia":[{"embeddable":true,"href":"https:\/\/tvtecjundiai.com.br\/news\/wp-json\/wp\/v2\/media\/82584"}],"wp:attachment":[{"href":"https:\/\/tvtecjundiai.com.br\/news\/wp-json\/wp\/v2\/media?parent=82581"}],"wp:term":[{"taxonomy":"category","embeddable":true,"href":"https:\/\/tvtecjundiai.com.br\/news\/wp-json\/wp\/v2\/categories?post=82581"},{"taxonomy":"post_tag","embeddable":true,"href":"https:\/\/tvtecjundiai.com.br\/news\/wp-json\/wp\/v2\/tags?post=82581"}],"curies":[{"name":"wp","href":"https:\/\/api.w.org\/{rel}","templated":true}]}}