{"id":82606,"date":"2021-09-23T12:32:49","date_gmt":"2021-09-23T15:32:49","guid":{"rendered":"https:\/\/tvtecjundiai.com.br\/news\/?p=82606"},"modified":"2021-09-23T12:32:57","modified_gmt":"2021-09-23T15:32:57","slug":"instalacao-artistica-no-complexo-fepasa-gera-curiosidade-e-estimula-a-reflexao","status":"publish","type":"post","link":"https:\/\/tvtecjundiai.com.br\/news\/2021\/09\/23\/instalacao-artistica-no-complexo-fepasa-gera-curiosidade-e-estimula-a-reflexao\/","title":{"rendered":"Instala\u00e7\u00e3o art\u00edstica no Complexo Fepasa gera curiosidade e estimula a reflex\u00e3o"},"content":{"rendered":"\n<p>Um letreiro gigante e branco instalado no jardim do Complexo Fepasa, onde se l\u00ea a palavra \u201cDISPON\u00cdVEL\u201d, tem atra\u00eddo a aten\u00e7\u00e3o e gerado muita curiosidade das pessoas que passam pelo local diariamente. Trata-se da obra vencedora de premia\u00e7\u00e3o por hist\u00f3rico em Artes Visuais do Programa de A\u00e7\u00e3o Cultural \u2013 ProAC LAB -SP, da artista fluminense Leandra Esp\u00edrito Santo, que escolheu esse patrim\u00f4nio de Jundia\u00ed para expor sua arte.<\/p>\n\n\n\n<p>Leandra, que decidiu tamb\u00e9m por residir em Jundia\u00ed, explica que sua <strong>obra carrega uma nova carga sem\u00e2ntica devido ao uso do \u201cdispon\u00edvel\u201d nas redes sociais.<\/strong> \u201cPodemos observar que essa palavra tem alta circula\u00e7\u00e3o nas redes, por estar na base da programa\u00e7\u00e3o de muitos dos aplicativos, por exemplo: o dispon\u00edvel indica um status do WhatsApp, indica o momento de rela\u00e7\u00e3o na biografia do Instagram, indica a disponibilidade no bate-papo do Facebook. Enfim, dispon\u00edvel, no contexto das redes sociais, significa a disponibilidade das pessoas para as rela\u00e7\u00f5es sociais\u201d, comentou a artista.<\/p>\n\n\n\n<figure class=\"wp-block-image\"><img decoding=\"async\" src=\"https:\/\/jundiai.sp.gov.br\/noticias\/wp-content\/uploads\/sites\/32\/2021\/09\/complexo-fepasa_disponivel-56.jpg\" alt=\"Um homem e uma mulher usando m\u00e1scaras conversam em frente a um letreiro onde se l\u00ea &quot;DISPON\u00cdVEL&quot;, em um gramado, com pr\u00e9dio hist\u00f3rico de tijolos \u00e0 vista ao fundo\" class=\"wp-image-276953\" \/><figcaption>Instala\u00e7\u00e3o tem gerado muita curiosidade das pessoas que passam diariamente pelo local<\/figcaption><\/figure>\n\n\n\n<p>Ao criar essa liga\u00e7\u00e3o entre o espa\u00e7o p\u00fablico e o universo das redes a artista tra\u00e7a um paralelo entre a crescente disponibilidade coletiva ao virtual, enquanto os espa\u00e7os p\u00fablicos se veem cada vez mais cerceados, murados e privatizados. \u201cDispon\u00edvel\u201d acaba por se inserir num leque de reflex\u00f5es sobre o espa\u00e7o p\u00fablico, que vem sendo atualizado pelas discuss\u00f5es sobre os nossos monumentos. Afinal, a quem est\u00e1 dispon\u00edvel o espa\u00e7o p\u00fablico?<\/p>\n\n\n\n<p>Respondendo ao questionamento da artista, o gestor da Unidade de Gest\u00e3o de Cultura, Marcelo Peroni, afirma que para a atual administra\u00e7\u00e3o o espa\u00e7o do Complexo Fepasa vem passando por reformula\u00e7\u00f5es para torn\u00e1-lo acess\u00edvel e dispon\u00edvel para a popula\u00e7\u00e3o. \u201cTer a instala\u00e7\u00e3o da Leandra Esp\u00edrito Santo no Complexo Fepasa neste momento, para n\u00f3s \u00e9 bastante significativo, pois coincide com o trabalho que estamos realizando. Primeiro tiramos os carros, para dar lugar as pessoas, depois passamos para a fase de limpeza e manuten\u00e7\u00e3o e em breve come\u00e7ar\u00e3o os trabalhos de paisagismo nos jardins. Queremos que o Complexo Fepasa esteja dispon\u00edvel para o p\u00fablico e aos artistas\u201d, finalizou o gestor.<\/p>\n\n\n\n<p><a href=\"https:\/\/cultura.jundiai.sp.gov.br\/complexo-fepasa-nos-trilhos-da-preservacao\/\" target=\"_blank\" rel=\"noreferrer noopener\">CONFIRA ALGUMAS DAS MELHORIAS J\u00c1 REALIZADAS NO COMPLEXO FEPASA<\/a><\/p>\n\n\n\n<figure class=\"wp-block-image\"><img decoding=\"async\" src=\"https:\/\/jundiai.sp.gov.br\/noticias\/wp-content\/uploads\/sites\/32\/2021\/09\/aereas-letreiro-intitulado-disponivel-no-complexo-fepasa_c_-4.jpg\" alt=\"Foto a\u00e9rea de pr\u00e9dio hist\u00f3rico em estilo ingl\u00eas com tijolos \u00e0 vista, com extensa \u00e1rea de jardim, palmeiras e locomotivas f\u00e9rreas, com pr\u00e9dios da cidade ao fundo\" class=\"wp-image-276954\" \/><figcaption>Instala\u00e7\u00e3o chama a aten\u00e7\u00e3o, mesmo do alto e em meio \u00e0s grandes dimens\u00f5es do Complexo<\/figcaption><\/figure>\n\n\n\n<p><strong>Cart\u00e3o Postal e Instagram<\/strong><br>Um totem informativo acompanha a obra trazendo os dados do projeto, um QR-Code vinculado ao perfil do Instagram&nbsp;<a href=\"https:\/\/www.instagram.com\/disponivel_holyghost\/\" target=\"_blank\" rel=\"noreferrer noopener\">@disponivel_holyghost<\/a>, e recomenda\u00e7\u00f5es previstas pela Organiza\u00e7\u00e3o Mundial da Sa\u00fade (OMS) diante da pandemia de Covid-19. O p\u00fablico que se fotografar com a obra poder\u00e1 enviar suas fotos para serem postadas nesse perfil do projeto, que tamb\u00e9m contar\u00e1 com imagens de backstage do processo criativo, v\u00eddeos e conte\u00fados exclusivos.&nbsp;<\/p>\n\n\n\n<p>Al\u00e9m da intera\u00e7\u00e3o on-line, outra atividade prevista no projeto \u00e9 a produ\u00e7\u00e3o e distribui\u00e7\u00e3o gratuita de um Cart\u00e3o Postal da obra no complexo hist\u00f3rico.&nbsp;<\/p>\n\n\n\n<p>A instala\u00e7\u00e3o segue at\u00e9 o dia 15 de outubro, para visita\u00e7\u00e3o diariamente, das 8h \u00e0s 18h. O Complexo Fepasa fica na avenida Uni\u00e3o dos Ferrovi\u00e1rios, 1760. Mais informa\u00e7\u00f5es pelo telefone (11) 4585-9750.<\/p>\n\n\n\n<p><em><strong>(Fonte\/Imagem: Prefeitura de Jundia\u00ed) <\/strong><\/em><\/p>\n","protected":false},"excerpt":{"rendered":"<p>A obra carrega uma nova carga sem\u00e2ntica devido ao uso do \u201cdispon\u00edvel\u201d nas redes sociais.<\/p>\n","protected":false},"author":27,"featured_media":82610,"comment_status":"closed","ping_status":"closed","sticky":false,"template":"","format":"standard","meta":{"footnotes":""},"categories":[8356],"tags":[],"class_list":["post-82606","post","type-post","status-publish","format-standard","has-post-thumbnail","hentry","category-jundiai"],"_links":{"self":[{"href":"https:\/\/tvtecjundiai.com.br\/news\/wp-json\/wp\/v2\/posts\/82606","targetHints":{"allow":["GET"]}}],"collection":[{"href":"https:\/\/tvtecjundiai.com.br\/news\/wp-json\/wp\/v2\/posts"}],"about":[{"href":"https:\/\/tvtecjundiai.com.br\/news\/wp-json\/wp\/v2\/types\/post"}],"author":[{"embeddable":true,"href":"https:\/\/tvtecjundiai.com.br\/news\/wp-json\/wp\/v2\/users\/27"}],"replies":[{"embeddable":true,"href":"https:\/\/tvtecjundiai.com.br\/news\/wp-json\/wp\/v2\/comments?post=82606"}],"version-history":[{"count":1,"href":"https:\/\/tvtecjundiai.com.br\/news\/wp-json\/wp\/v2\/posts\/82606\/revisions"}],"predecessor-version":[{"id":82611,"href":"https:\/\/tvtecjundiai.com.br\/news\/wp-json\/wp\/v2\/posts\/82606\/revisions\/82611"}],"wp:featuredmedia":[{"embeddable":true,"href":"https:\/\/tvtecjundiai.com.br\/news\/wp-json\/wp\/v2\/media\/82610"}],"wp:attachment":[{"href":"https:\/\/tvtecjundiai.com.br\/news\/wp-json\/wp\/v2\/media?parent=82606"}],"wp:term":[{"taxonomy":"category","embeddable":true,"href":"https:\/\/tvtecjundiai.com.br\/news\/wp-json\/wp\/v2\/categories?post=82606"},{"taxonomy":"post_tag","embeddable":true,"href":"https:\/\/tvtecjundiai.com.br\/news\/wp-json\/wp\/v2\/tags?post=82606"}],"curies":[{"name":"wp","href":"https:\/\/api.w.org\/{rel}","templated":true}]}}