{"id":82627,"date":"2021-09-23T16:04:33","date_gmt":"2021-09-23T19:04:33","guid":{"rendered":"https:\/\/tvtecjundiai.com.br\/news\/?p=82627"},"modified":"2021-09-23T16:50:06","modified_gmt":"2021-09-23T19:50:06","slug":"carrefour-realiza-processo-seletivo-para-contratacao-de-pessoas-trans","status":"publish","type":"post","link":"https:\/\/tvtecjundiai.com.br\/news\/2021\/09\/23\/carrefour-realiza-processo-seletivo-para-contratacao-de-pessoas-trans\/","title":{"rendered":"Carrefour realiza processo seletivo para contrata\u00e7\u00e3o de pessoas trans"},"content":{"rendered":"\n<p>A inclus\u00e3o de pessoas trans no mercado de trabalho passou por importantes avan\u00e7os nos \u00faltimos anos, mas ainda hoje uma grande parcela desse p\u00fablico enfrenta dificuldades para se inserir profissionalmente. Buscando impactar positivamente esse cen\u00e1rio, o Carrefour, empresa l\u00edder no varejo alimentar do pa\u00eds, realizar\u00e1 na pr\u00f3xima segunda-feira (27) uma a\u00e7\u00e3o voltada exclusivamente para a contrata\u00e7\u00e3o de pessoas trans. A iniciativa vale para todas as unidades da rede no Brasil e conta com oportunidades em v\u00e1rias fun\u00e7\u00f5es.<\/p>\n\n\n\n<p>Com diversas edi\u00e7\u00f5es ao longo do ano, os chamados Dias D consistem em datas especiais voltadas para a contrata\u00e7\u00e3o de profissionais de perfis espec\u00edficos. Com essa iniciativa, a empresa vem contribuindo para a inser\u00e7\u00e3o profissional de pessoas de grupos minorizados, refor\u00e7ando o compromisso com a valoriza\u00e7\u00e3o e o aumento da diversidade e inclus\u00e3o em todo seu ecossistema.<\/p>\n\n\n\n<p>Em paralelo a essa a\u00e7\u00e3o, o Carrefour desenvolve tamb\u00e9m projetos de capacita\u00e7\u00e3o profissional exclusivos para pessoas trans que, desde 2016, j\u00e1 formaram mais de 250 pessoas. Neste ano, o programa TRANSforma, realizado em parceria com a Alicerce Educa\u00e7\u00e3o e a Casa Neon, selecionou 40 pessoas para passarem por um processo de forma\u00e7\u00e3o de 6 meses que busca capacit\u00e1-las tanto em aspectos t\u00e9cnicos quanto em compet\u00eancias socioemocionais. No momento, o programa se aproxima de sua etapa final, que inclui a participa\u00e7\u00e3o dos alunos em processos seletivos do Carrefour ao longo do m\u00eas de outubro.<\/p>\n\n\n\n<p>A edi\u00e7\u00e3o deste ano, que teve in\u00edcio em maio, j\u00e1 deixa claro os impactos positivos na vida das pessoas participantes: quatro delas j\u00e1 ingressaram no mercado de trabalho e um dos alunos conseguiu iniciar um curso que sonhava h\u00e1 anos. &#8220;Hoje, com o Projeto Transforma, eu estou realizando meu sonho de ser enfermeira e um outro grande sonho, que n\u00e3o \u00e9 s\u00f3 meu e sim de toda(e)s pessoas Transg\u00eaneros: nossa real inclus\u00e3o social e no mercado de trabalho&#8221;, conta Samantha Almeida Santana, participante do programa.<\/p>\n\n\n\n<p>Atualmente, o Carrefour emprega mais de 80 pessoas trans em todo o Brasil, mas a empresa contabiliza que j\u00e1 passaram mais de 200 colaboradores e colaboradoras desse grupo pelas suas unidades nos \u00faltimos anos, sendo uma das companhias que prioriza a agenda da inclus\u00e3o de pessoas trans no Pa\u00eds. &#8220;Diversidade \u00e9 um princ\u00edpio do qual n\u00e3o abrimos m\u00e3o. Promovemos a inser\u00e7\u00e3o profissional para grupos minorizados por entendermos que o trabalho \u00e9 um dos principais fatores de inclus\u00e3o social e que o setor do varejo \u00e9 uma porta de entrada importante para o mercado de trabalho&#8221;, afirma Kaleb Machado, gerente de Diversidade e Inclus\u00e3o do Grupo Carrefour Brasil.<\/p>\n\n\n\n<div class=\"wp-block-image\"><figure class=\"aligncenter size-full is-resized\"><img loading=\"lazy\" decoding=\"async\" src=\"https:\/\/tvtecjundiai.com.br\/news\/wp-content\/uploads\/sites\/2\/2021\/09\/unnamed-1.jpg\" alt=\"\" class=\"wp-image-82628\" width=\"666\" height=\"443\" srcset=\"https:\/\/tvtecjundiai.com.br\/news\/wp-content\/uploads\/sites\/2\/2021\/09\/unnamed-1.jpg 875w, https:\/\/tvtecjundiai.com.br\/news\/wp-content\/uploads\/sites\/2\/2021\/09\/unnamed-1-300x200.jpg 300w, https:\/\/tvtecjundiai.com.br\/news\/wp-content\/uploads\/sites\/2\/2021\/09\/unnamed-1-768x512.jpg 768w\" sizes=\"auto, (max-width: 666px) 100vw, 666px\" \/><\/figure><\/div>\n\n\n\n<p><strong>Servi\u00e7o<\/strong><br>Para se candidatar no Dia D, um dos pr\u00e9-requisitos \u00e9 que a pessoa se identifique com o prop\u00f3sito do Carrefour de contribuir para um mundo melhor, aplicando este comportamento durante todas as suas rela\u00e7\u00f5es. As vagas s\u00e3o para todo o Brasil e possuem cargas hor\u00e1rias distintas de acordo com a fun\u00e7\u00e3o a ser exercida. H\u00e1 oportunidades para recepcionista de caixa, repositor, a\u00e7ougueiro, padeiro, peixeiro, agente de fiscaliza\u00e7\u00e3o, operadores de centro de distribui\u00e7\u00e3o, farmac\u00eauticos, frentista e operador de loja de conveni\u00eancia, al\u00e9m de outras posi\u00e7\u00f5es tanto no corporativo quanto em opera\u00e7\u00f5es.<\/p>\n\n\n\n<p>Todas as etapas do processo seletivo acontecem de forma online, com exce\u00e7\u00e3o da entrevista com o gestor que \u00e9 realizada presencialmente para que o candidato possa visitar a unidade e visualizar a fun\u00e7\u00e3o que ser\u00e1 desempenhada. As inscri\u00e7\u00f5es para o Dia D acontecem no dia 27 de setembro, mas os interessados podem se cadastrar em qualquer outro momento pelo site:&nbsp;<a rel=\"noreferrer noopener\" href=\"https:\/\/99jobs.com\/carrefour\/jobs\/87585-diversidade-carrefour\" target=\"_blank\">https:\/\/99jobs.com\/carrefour\/jobs\/87585-diversidade-carrefour<\/a><\/p>\n\n\n\n<p><strong><em>(Fonte\/Imagem: Assessoria Carrefour)<\/em><\/strong><\/p>\n","protected":false},"excerpt":{"rendered":"<p>A a\u00e7\u00e3o acontece na segunda-feira (27).<\/p>\n","protected":false},"author":25,"featured_media":82630,"comment_status":"closed","ping_status":"closed","sticky":false,"template":"","format":"standard","meta":{"footnotes":""},"categories":[5038,1],"tags":[],"class_list":["post-82627","post","type-post","status-publish","format-standard","has-post-thumbnail","hentry","category-emprego","category-noticias"],"_links":{"self":[{"href":"https:\/\/tvtecjundiai.com.br\/news\/wp-json\/wp\/v2\/posts\/82627","targetHints":{"allow":["GET"]}}],"collection":[{"href":"https:\/\/tvtecjundiai.com.br\/news\/wp-json\/wp\/v2\/posts"}],"about":[{"href":"https:\/\/tvtecjundiai.com.br\/news\/wp-json\/wp\/v2\/types\/post"}],"author":[{"embeddable":true,"href":"https:\/\/tvtecjundiai.com.br\/news\/wp-json\/wp\/v2\/users\/25"}],"replies":[{"embeddable":true,"href":"https:\/\/tvtecjundiai.com.br\/news\/wp-json\/wp\/v2\/comments?post=82627"}],"version-history":[{"count":2,"href":"https:\/\/tvtecjundiai.com.br\/news\/wp-json\/wp\/v2\/posts\/82627\/revisions"}],"predecessor-version":[{"id":82631,"href":"https:\/\/tvtecjundiai.com.br\/news\/wp-json\/wp\/v2\/posts\/82627\/revisions\/82631"}],"wp:featuredmedia":[{"embeddable":true,"href":"https:\/\/tvtecjundiai.com.br\/news\/wp-json\/wp\/v2\/media\/82630"}],"wp:attachment":[{"href":"https:\/\/tvtecjundiai.com.br\/news\/wp-json\/wp\/v2\/media?parent=82627"}],"wp:term":[{"taxonomy":"category","embeddable":true,"href":"https:\/\/tvtecjundiai.com.br\/news\/wp-json\/wp\/v2\/categories?post=82627"},{"taxonomy":"post_tag","embeddable":true,"href":"https:\/\/tvtecjundiai.com.br\/news\/wp-json\/wp\/v2\/tags?post=82627"}],"curies":[{"name":"wp","href":"https:\/\/api.w.org\/{rel}","templated":true}]}}