{"id":82632,"date":"2021-09-23T17:20:25","date_gmt":"2021-09-23T20:20:25","guid":{"rendered":"https:\/\/tvtecjundiai.com.br\/news\/?p=82632"},"modified":"2021-09-24T12:18:51","modified_gmt":"2021-09-24T15:18:51","slug":"covid-19-jundiai-abre-novos-agendamentos-para-varios-publicos","status":"publish","type":"post","link":"https:\/\/tvtecjundiai.com.br\/news\/2021\/09\/23\/covid-19-jundiai-abre-novos-agendamentos-para-varios-publicos\/","title":{"rendered":"COVID-19: Jundia\u00ed abre novos agendamentos para v\u00e1rios p\u00fablicos"},"content":{"rendered":"\n<p>Jundia\u00ed retirou, na tarde desta quinta-feira (23), no Diretoria Regional de Sa\u00fade (DRS) 24 mil doses de doses de vacinas contra a COVID-19 para aplica\u00e7\u00e3o em primeira, segunda e dose de refor\u00e7o (D3). As agendas ser\u00e3o abertas de maneira escalonada para facilita\u00e7\u00e3o do acesso da popula\u00e7\u00e3o. Os sistemas de agendamento ser\u00e3o adequados entre canais digitais (site e APP Jundia\u00ed) para primeiras doses e segundas doses. J\u00e1 as doses adicionais ou refor\u00e7o devem ser agendadas nas Unidades B\u00e1sicas de Sa\u00fade (UBS) ou Central de Agendamento de Consultas (CAC), pelo telefone 4531-8670.<\/p>\n\n\n\n<div class=\"wp-block-image\"><figure class=\"aligncenter size-large\"><img loading=\"lazy\" decoding=\"async\" width=\"1200\" height=\"800\" src=\"https:\/\/tvtecjundiai.com.br\/news\/wp-content\/uploads\/sites\/2\/2021\/09\/51406741294_1b0d3e7f0c_o-1200x800.jpg\" alt=\"\" class=\"wp-image-82634\" srcset=\"https:\/\/tvtecjundiai.com.br\/news\/wp-content\/uploads\/sites\/2\/2021\/09\/51406741294_1b0d3e7f0c_o-1200x800.jpg 1200w, https:\/\/tvtecjundiai.com.br\/news\/wp-content\/uploads\/sites\/2\/2021\/09\/51406741294_1b0d3e7f0c_o-300x200.jpg 300w, https:\/\/tvtecjundiai.com.br\/news\/wp-content\/uploads\/sites\/2\/2021\/09\/51406741294_1b0d3e7f0c_o-768x512.jpg 768w, https:\/\/tvtecjundiai.com.br\/news\/wp-content\/uploads\/sites\/2\/2021\/09\/51406741294_1b0d3e7f0c_o.jpg 1280w\" sizes=\"auto, (max-width: 1200px) 100vw, 1200px\" \/><\/figure><\/div>\n\n\n\n<p>Na agenda, al\u00e9m da abertura de novas agendas para adolescentes 12 a 17 anos com e sem comorbidades, h\u00e1 a oferta de repescagem para adultos com 25 anos ou mais. Para este p\u00fablico adulto, a agenda est\u00e1 sendo aberta com as doses disponibilizadas pelo Estado, de maneira adicional, referente a 7% da necessidade da cidade. \u201cPara adequar a oferta \u00e0 necessidade, a agenda foi adequada para pessoas com 25 anos ou mais. A \u00faltima repescagem havia sido feita para pessoas com 27 anos ou mais. O Estado ir\u00e1 encaminhar novas grades nos pr\u00f3ximos dias\u201d, comenta o gestor da Unidade de Gest\u00e3o de Promo\u00e7\u00e3o da Sa\u00fade (UGSP), Tiago Texera.<\/p>\n\n\n\n<p>Jundia\u00ed contabiliza, nesta quinta-feira (23), 70,3% dos adultos com as duas doses aplicadas contra COVID-19.<\/p>\n\n\n\n<p>Nesta semana tamb\u00e9m \u00e9 feita a antecipa\u00e7\u00e3o da agenda da segunda dose de pessoas que tenham recebido a primeira dose Pfizer entre 17 de julho a 04 de agosto. Com a altera\u00e7\u00e3o do prazo pelo Minist\u00e9rio da Sa\u00fade, h\u00e1 a necessidade deste grupo realizar o agendamento da segunda aplica\u00e7\u00e3o pelos canais digitais da Prefeitura de Jundia\u00ed.<\/p>\n\n\n\n<div class=\"wp-block-image\"><figure class=\"aligncenter size-large\"><img loading=\"lazy\" decoding=\"async\" width=\"1200\" height=\"800\" src=\"https:\/\/tvtecjundiai.com.br\/news\/wp-content\/uploads\/sites\/2\/2021\/09\/chegada-vacina-covid-74-1200x800.jpg\" alt=\"\" class=\"wp-image-82633\" srcset=\"https:\/\/tvtecjundiai.com.br\/news\/wp-content\/uploads\/sites\/2\/2021\/09\/chegada-vacina-covid-74-1200x800.jpg 1200w, https:\/\/tvtecjundiai.com.br\/news\/wp-content\/uploads\/sites\/2\/2021\/09\/chegada-vacina-covid-74-300x200.jpg 300w, https:\/\/tvtecjundiai.com.br\/news\/wp-content\/uploads\/sites\/2\/2021\/09\/chegada-vacina-covid-74-768x512.jpg 768w, https:\/\/tvtecjundiai.com.br\/news\/wp-content\/uploads\/sites\/2\/2021\/09\/chegada-vacina-covid-74.jpg 1280w\" sizes=\"auto, (max-width: 1200px) 100vw, 1200px\" \/><figcaption>Jundia\u00ed recebe 24 mil doses de vacinas para aplica\u00e7\u00f5es em primeira, segunda e dose de refor\u00e7o<\/figcaption><\/figure><\/div>\n\n\n\n<p>A<strong>gendas&nbsp;<a href=\"https:\/\/vacina.jundiai.sp.gov.br\/agendamento\/?rand=960488163564\">site<\/a>&nbsp;e APP Jundia\u00ed<\/strong><\/p>\n\n\n\n<p><strong>Sexta-feira (24), 17h<br><\/strong>Dose 1 \u2013 Adolescentes 12 a 17 anos com ou sem comorbidades<\/p>\n\n\n\n<p><strong>Segunda-feira (27), 11h<br><\/strong>Dose 1 \u2013 Repescagem 25 anos +<\/p>\n\n\n\n<p><strong>Segunda-feira (27), 17h<br><\/strong>Antecipa\u00e7\u00e3o D2 Pfizer para quem recebeu a primeira aplica\u00e7\u00e3o entre 19 de julho a 4 de agosto.<\/p>\n\n\n\n<p>No dia da aplica\u00e7\u00e3o \u00e9 necess\u00e1rio apresentar documentos de identifica\u00e7\u00e3o com foto, CPF, comprovante de resid\u00eancia e, se adolescente, acompanhado por adulto, se poss\u00edvel.<\/p>\n\n\n\n<p><strong>Agenda UBSs e CAC a partir de 27 de setembro<\/strong><\/p>\n\n\n\n<p><strong>Dose Adicional (refor\u00e7o, D3)<\/strong><\/p>\n\n\n\n<p>75 anos ou mais que tenham recebido a segunda dose h\u00e1 seis meses<\/p>\n\n\n\n<p>Imunossuprimidos 18 anos ou mais que tenham recebido a segunda dose h\u00e1 28 dias<\/p>\n\n\n\n<p>Apresentar documentos de identifica\u00e7\u00e3o com foto, CPF, comprovante de resid\u00eancia e o cart\u00e3o de comprova\u00e7\u00e3o das aplica\u00e7\u00f5es anteriores.<\/p>\n\n\n\n<p><strong>Primeira dose (D1):<br><\/strong>Gestantes e Pu\u00e9rpertas 12 anos ou mais<\/p>\n\n\n\n<p>Apresentar documentos de identifica\u00e7\u00e3o com foto, CPF, comprovante de resid\u00eancia e cart\u00e3o de comprova\u00e7\u00e3o de estado gestacional ou certid\u00e3o de nascimento da crian\u00e7a.<\/p>\n\n\n\n<p><strong><em>(Fonte\/Imagem: Prefeitura de Jundia\u00ed)<\/em><\/strong><\/p>\n","protected":false},"excerpt":{"rendered":"<p>As agendas ser\u00e3o abertas de maneira escalonada para facilitar o acesso.<\/p>\n","protected":false},"author":25,"featured_media":82634,"comment_status":"closed","ping_status":"closed","sticky":false,"template":"","format":"standard","meta":{"footnotes":""},"categories":[29,1,2839],"tags":[],"class_list":["post-82632","post","type-post","status-publish","format-standard","has-post-thumbnail","hentry","category-destaque","category-noticias","category-saude"],"_links":{"self":[{"href":"https:\/\/tvtecjundiai.com.br\/news\/wp-json\/wp\/v2\/posts\/82632","targetHints":{"allow":["GET"]}}],"collection":[{"href":"https:\/\/tvtecjundiai.com.br\/news\/wp-json\/wp\/v2\/posts"}],"about":[{"href":"https:\/\/tvtecjundiai.com.br\/news\/wp-json\/wp\/v2\/types\/post"}],"author":[{"embeddable":true,"href":"https:\/\/tvtecjundiai.com.br\/news\/wp-json\/wp\/v2\/users\/25"}],"replies":[{"embeddable":true,"href":"https:\/\/tvtecjundiai.com.br\/news\/wp-json\/wp\/v2\/comments?post=82632"}],"version-history":[{"count":2,"href":"https:\/\/tvtecjundiai.com.br\/news\/wp-json\/wp\/v2\/posts\/82632\/revisions"}],"predecessor-version":[{"id":82658,"href":"https:\/\/tvtecjundiai.com.br\/news\/wp-json\/wp\/v2\/posts\/82632\/revisions\/82658"}],"wp:featuredmedia":[{"embeddable":true,"href":"https:\/\/tvtecjundiai.com.br\/news\/wp-json\/wp\/v2\/media\/82634"}],"wp:attachment":[{"href":"https:\/\/tvtecjundiai.com.br\/news\/wp-json\/wp\/v2\/media?parent=82632"}],"wp:term":[{"taxonomy":"category","embeddable":true,"href":"https:\/\/tvtecjundiai.com.br\/news\/wp-json\/wp\/v2\/categories?post=82632"},{"taxonomy":"post_tag","embeddable":true,"href":"https:\/\/tvtecjundiai.com.br\/news\/wp-json\/wp\/v2\/tags?post=82632"}],"curies":[{"name":"wp","href":"https:\/\/api.w.org\/{rel}","templated":true}]}}