{"id":82681,"date":"2021-09-24T17:16:43","date_gmt":"2021-09-24T20:16:43","guid":{"rendered":"https:\/\/tvtecjundiai.com.br\/news\/?p=82681"},"modified":"2021-09-24T17:16:48","modified_gmt":"2021-09-24T20:16:48","slug":"coral-municipal-retoma-ensaios-presenciais-de-modo-escalonado","status":"publish","type":"post","link":"https:\/\/tvtecjundiai.com.br\/news\/2021\/09\/24\/coral-municipal-retoma-ensaios-presenciais-de-modo-escalonado\/","title":{"rendered":"Coral Municipal retoma ensaios presenciais de modo escalonado"},"content":{"rendered":"\n<p>O Coral Municipal de Jundia\u00ed retomou na noite dessa quinta-feira (23) os ensaios presenciais na Sala dos Rel\u00f3gios do Complexo Fepasa. De forma gradual, a retomada das atividades ser\u00e1 feita de forma h\u00edbrida, com participantes presenciais e on-line, conforme os naipes e atenta aos protocolos sanit\u00e1rios estabelecidos pelo Comit\u00ea Municipal de Preven\u00e7\u00e3o e Enfrentamento ao Coronav\u00edrus (CEC).<\/p>\n\n\n\n<p>O Coral \u00e9 um corpo art\u00edstico vinculado \u00e0 Unidade de Gest\u00e3o de Cultura (UGC) que tem por objetivo fomentar a linguagem entre coralistas amadores volunt\u00e1rios e enriquecer o cen\u00e1rio art\u00edstico de eventos diversos, como mostras e festivais. Fundado em 2011, o Coral atualmente tem como diretora art\u00edstica e regente Vasti Atique, Cintia Campos como assistente, Thayana Roverso como preparado vocal e Lu\u00eds Henrique Oliveira como percussionista.<\/p>\n\n\n\n<div class=\"wp-block-image\"><figure class=\"aligncenter size-large\"><img loading=\"lazy\" decoding=\"async\" width=\"1200\" height=\"800\" src=\"https:\/\/tvtecjundiai.com.br\/news\/wp-content\/uploads\/sites\/2\/2021\/09\/retorno-aula-coral_sala-dos-relogios_complexo-fepasa-76-1200x800.jpg\" alt=\"\" class=\"wp-image-82682\" srcset=\"https:\/\/tvtecjundiai.com.br\/news\/wp-content\/uploads\/sites\/2\/2021\/09\/retorno-aula-coral_sala-dos-relogios_complexo-fepasa-76-1200x800.jpg 1200w, https:\/\/tvtecjundiai.com.br\/news\/wp-content\/uploads\/sites\/2\/2021\/09\/retorno-aula-coral_sala-dos-relogios_complexo-fepasa-76-300x200.jpg 300w, https:\/\/tvtecjundiai.com.br\/news\/wp-content\/uploads\/sites\/2\/2021\/09\/retorno-aula-coral_sala-dos-relogios_complexo-fepasa-76-768x512.jpg 768w, https:\/\/tvtecjundiai.com.br\/news\/wp-content\/uploads\/sites\/2\/2021\/09\/retorno-aula-coral_sala-dos-relogios_complexo-fepasa-76.jpg 1280w\" sizes=\"auto, (max-width: 1200px) 100vw, 1200px\" \/><figcaption>Al\u00e9m da divis\u00e3o por naipes, participantes impossibilitados de participar presencialmente podem acompanhar de modo on-line<\/figcaption><\/figure><\/div>\n\n\n\n<p>Vasti explica que o grupo n\u00e3o deixou de realizar suas pr\u00e1ticas, ainda que de modo remoto. \u201cDurante a pandemia, nossa primeira fase foi de adapta\u00e7\u00e3o, pesquisa e descobertas de ferramentas on-line que nos apoiassem nos ensaios e edi\u00e7\u00f5es. Na sequ\u00eancia, quando dominamos as ferramentas, vivemos uma fase de produ\u00e7\u00e3o de conte\u00fados, como v\u00eddeos virtuais, um document\u00e1rio sobre o coral e um concerto de Natal com a Orquestra Municipal de Jundia\u00ed (OMJ). Agora, vivemos o in\u00edcio dos ensaios h\u00edbridos, com atividades presenciais seguindo os protocolos necess\u00e1rios, mas com a possibilidade de participa\u00e7\u00e3o on-line para os coralistas que n\u00e3o tomaram a segunda dose da vacina, que n\u00e3o se sintam \u00e0 vontade ou que possuam algum problema de sa\u00fade\u201d.<\/p>\n\n\n\n<p>Vasti explica ainda que, para os participantes presenciais, o uso de m\u00e1scara \u00e9 obrigat\u00f3rio e h\u00e1 op\u00e7\u00f5es descart\u00e1veis recomendadas por especialistas.<\/p>\n\n\n\n<p>N\u00e3o h\u00e1 vagas no momento para interessados em participar do Coral. Os interessados maiores de 18 anos devem acompanhar as redes sociais da Cultura para acompanhar o an\u00fancio de vagas futuras. Os interessados n\u00e3o precisam ter experi\u00eancia vocal, mas devem participar de teste vocal. Os ensaios s\u00e3o realizados \u00e0s ter\u00e7as e quintas-feiras, no per\u00edodo noturno.<\/p>\n\n\n\n<div class=\"wp-block-image\"><figure class=\"aligncenter size-large\"><img loading=\"lazy\" decoding=\"async\" width=\"1200\" height=\"800\" src=\"https:\/\/tvtecjundiai.com.br\/news\/wp-content\/uploads\/sites\/2\/2021\/09\/retorno-aula-coral_sala-dos-relogios_complexo-fepasa-29-1200x800.jpg\" alt=\"\" class=\"wp-image-82684\" srcset=\"https:\/\/tvtecjundiai.com.br\/news\/wp-content\/uploads\/sites\/2\/2021\/09\/retorno-aula-coral_sala-dos-relogios_complexo-fepasa-29-1200x800.jpg 1200w, https:\/\/tvtecjundiai.com.br\/news\/wp-content\/uploads\/sites\/2\/2021\/09\/retorno-aula-coral_sala-dos-relogios_complexo-fepasa-29-300x200.jpg 300w, https:\/\/tvtecjundiai.com.br\/news\/wp-content\/uploads\/sites\/2\/2021\/09\/retorno-aula-coral_sala-dos-relogios_complexo-fepasa-29-768x512.jpg 768w, https:\/\/tvtecjundiai.com.br\/news\/wp-content\/uploads\/sites\/2\/2021\/09\/retorno-aula-coral_sala-dos-relogios_complexo-fepasa-29.jpg 1280w\" sizes=\"auto, (max-width: 1200px) 100vw, 1200px\" \/><figcaption>Grupo ensaia neste per\u00edodo a can\u00e7\u00e3o \u201cIsto Aqui O Que \u00e9?\u201d, de Ary barroso e arranjo de Alexandre Zilahi<\/figcaption><\/figure><\/div>\n\n\n\n<p><strong>Mais Corais<\/strong><br>Est\u00e3o abertas at\u00e9 a pr\u00f3xima quinta-feira (30) as inscri\u00e7\u00f5es gratuitas para o n\u00facleo descentralizado da Vila Esperan\u00e7a do Coral Infantojuvenil Cidade das Crian\u00e7as, voltado para crian\u00e7as de 7 a 11 anos.<\/p>\n\n\n\n<p><a href=\"https:\/\/docs.google.com\/forms\/d\/e\/1FAIpQLSdzXOhmWr8in6wc42OFpw8iwpW-PdMwzCbR6NmfW9ypvHidvA\/viewform\" target=\"_blank\" rel=\"noreferrer noopener\">FA\u00c7A A INSCRI\u00c7\u00c3O<\/a><\/p>\n\n\n\n<p>Os ensaios ser\u00e3o presenciais e realizados a partir de 04 de outubro, sempre \u00e0s segundas-feiras, das 14h30 \u00e0s 15h30, no Centro Comunit\u00e1rio da Vila Esperan\u00e7a (rua Guilherme Augusto Baad, n\u00ba 314), tamb\u00e9m sob a dire\u00e7\u00e3o de Vasti Atique e reg\u00eancia de J\u00e9ssica Augusto Vieira.<\/p>\n\n\n\n<p><strong><em>(Fonte\/Imagem: Prefeitura de Jundia\u00ed)<\/em><\/strong><\/p>\n","protected":false},"excerpt":{"rendered":"<p>De forma gradual, a retomada das atividades ser\u00e1 feita de forma h\u00edbrida.<\/p>\n","protected":false},"author":25,"featured_media":82683,"comment_status":"closed","ping_status":"closed","sticky":false,"template":"","format":"standard","meta":{"footnotes":""},"categories":[2833,1],"tags":[],"class_list":["post-82681","post","type-post","status-publish","format-standard","has-post-thumbnail","hentry","category-cultura","category-noticias"],"_links":{"self":[{"href":"https:\/\/tvtecjundiai.com.br\/news\/wp-json\/wp\/v2\/posts\/82681","targetHints":{"allow":["GET"]}}],"collection":[{"href":"https:\/\/tvtecjundiai.com.br\/news\/wp-json\/wp\/v2\/posts"}],"about":[{"href":"https:\/\/tvtecjundiai.com.br\/news\/wp-json\/wp\/v2\/types\/post"}],"author":[{"embeddable":true,"href":"https:\/\/tvtecjundiai.com.br\/news\/wp-json\/wp\/v2\/users\/25"}],"replies":[{"embeddable":true,"href":"https:\/\/tvtecjundiai.com.br\/news\/wp-json\/wp\/v2\/comments?post=82681"}],"version-history":[{"count":1,"href":"https:\/\/tvtecjundiai.com.br\/news\/wp-json\/wp\/v2\/posts\/82681\/revisions"}],"predecessor-version":[{"id":82685,"href":"https:\/\/tvtecjundiai.com.br\/news\/wp-json\/wp\/v2\/posts\/82681\/revisions\/82685"}],"wp:featuredmedia":[{"embeddable":true,"href":"https:\/\/tvtecjundiai.com.br\/news\/wp-json\/wp\/v2\/media\/82683"}],"wp:attachment":[{"href":"https:\/\/tvtecjundiai.com.br\/news\/wp-json\/wp\/v2\/media?parent=82681"}],"wp:term":[{"taxonomy":"category","embeddable":true,"href":"https:\/\/tvtecjundiai.com.br\/news\/wp-json\/wp\/v2\/categories?post=82681"},{"taxonomy":"post_tag","embeddable":true,"href":"https:\/\/tvtecjundiai.com.br\/news\/wp-json\/wp\/v2\/tags?post=82681"}],"curies":[{"name":"wp","href":"https:\/\/api.w.org\/{rel}","templated":true}]}}